{"id":10539,"date":"2020-11-21T07:00:55","date_gmt":"2020-11-21T09:00:55","guid":{"rendered":"http:\/\/blog.cancaonova.com\/paisecatequistas\/?p=10539"},"modified":"2020-12-02T12:39:47","modified_gmt":"2020-12-02T14:39:47","slug":"na-festa-de-cristo-rei-do-universo-celebramos-jesus-cristo-senhor-e-rei-do-tempo-e-da-historia","status":"publish","type":"post","link":"https:\/\/blog.cancaonova.com\/paisecatequistas\/na-festa-de-cristo-rei-do-universo-celebramos-jesus-cristo-senhor-e-rei-do-tempo-e-da-historia\/","title":{"rendered":"Na festa de Cristo Rei do Universo, celebramos Jesus Cristo, Senhor e Rei do tempo e da hist\u00f3ria!"},"content":{"rendered":"<h3 style=\"text-align: center\">Viva Cristo Rei!<\/h3>\n<p><img loading=\"lazy\" decoding=\"async\" class=\"aligncenter size-full wp-image-10540\" src=\"http:\/\/blog.cancaonova.com\/paisecatequistas\/files\/2020\/10\/Cristo-Rei-explica\u00e7\u00e3o-Papa.jpg\" alt=\"\" width=\"820\" height=\"821\" srcset=\"https:\/\/blog.cancaonova.com\/paisecatequistas\/files\/2020\/10\/Cristo-Rei-explica\u00e7\u00e3o-Papa.jpg 820w, https:\/\/blog.cancaonova.com\/paisecatequistas\/files\/2020\/10\/Cristo-Rei-explica\u00e7\u00e3o-Papa-150x150.jpg 150w, https:\/\/blog.cancaonova.com\/paisecatequistas\/files\/2020\/10\/Cristo-Rei-explica\u00e7\u00e3o-Papa-300x300.jpg 300w, https:\/\/blog.cancaonova.com\/paisecatequistas\/files\/2020\/10\/Cristo-Rei-explica\u00e7\u00e3o-Papa-768x769.jpg 768w\" sizes=\"(max-width: 820px) 100vw, 820px\" \/><\/p>\n<p>Na festa de Cristo Rei do Universo, celebramos Jesus Cristo, Senhor e Rei do tempo e da hist\u00f3ria!<\/p>\n<p>A\u00a0<b>solenidade de Cristo Rei\u00a0<\/b>\u00e9 uma celebra\u00e7\u00e3o muito recente da Igreja. Foi o\u00a0<b>Papa Pio XI<\/b>\u00a0que a criou, em<b>\u00a01925<\/b>.<\/p>\n<p>N\u00e3o \u00e9 uma\u00a0<b>festa B\u00edblica<\/b>\u00a0pois Jesus\u00a0<b>n\u00e3o aparece na B\u00edblia Glorioso, na verdade,\u00a0<\/b>uma das vezes que a realeza de Jesus se manifesta \u00e9 quando ele \u00e9 zombado.<\/p>\n<p>Mas, todas as vezes que rezamos o Pai-Nosso estamos pedindo que sua realeza, seu dom\u00ednio venha sobre n\u00f3s (venha a n\u00f3s o Vosso Reino).<\/p>\n<p>Mas o nosso cora\u00e7\u00e3o reconhece a realeza de Jesus Cristo?<\/p>\n<p>No mundo atual onde todos querem ser empoderados, ser\u00e1 que deixamos Jesus Cristo ser o centro de nossas vidas?<\/p>\n<h4>Ser\u00e1 que temos a humildade de estar sob a Miss\u00e3o e sob o Poder de Cristo Rei do Universo?<\/h4>\n<p><img loading=\"lazy\" decoding=\"async\" class=\"aligncenter size-full wp-image-10804\" src=\"http:\/\/blog.cancaonova.com\/paisecatequistas\/files\/2020\/11\/corpo-1100-x-600-4.jpg\" alt=\"\" width=\"1100\" height=\"600\" srcset=\"https:\/\/blog.cancaonova.com\/paisecatequistas\/files\/2020\/11\/corpo-1100-x-600-4.jpg 1100w, https:\/\/blog.cancaonova.com\/paisecatequistas\/files\/2020\/11\/corpo-1100-x-600-4-300x164.jpg 300w, https:\/\/blog.cancaonova.com\/paisecatequistas\/files\/2020\/11\/corpo-1100-x-600-4-768x419.jpg 768w\" sizes=\"(max-width: 1100px) 100vw, 1100px\" \/><\/p>\n<p>N\u00e3o podemos nos esquecer que com esta Festa Solene, encerramos o Ano Lit\u00fargico A.<\/p>\n<p>E na semana que vem iniciamos o novo Ano Lit\u00fargico B, com o in\u00edcio do Advento.<\/p>\n<p>Aquele bebezinho, fr\u00e1gil, que nasceu em uma manjedoura, com seus pais S\u00e3o Jos\u00e9 e Santa Maria, crescer\u00e1 em honra, sabedoria e estatura, e se tornar\u00e1 o Rei de todo o Universo!<\/p>\n<p><img loading=\"lazy\" decoding=\"async\" class=\"aligncenter size-full wp-image-10802\" src=\"http:\/\/blog.cancaonova.com\/paisecatequistas\/files\/2020\/11\/22-11-540x820.jpg\" alt=\"\" width=\"540\" height=\"820\" srcset=\"https:\/\/blog.cancaonova.com\/paisecatequistas\/files\/2020\/11\/22-11-540x820.jpg 540w, https:\/\/blog.cancaonova.com\/paisecatequistas\/files\/2020\/11\/22-11-540x820-198x300.jpg 198w\" sizes=\"(max-width: 540px) 100vw, 540px\" \/><\/p>\n<p style=\"text-align: right\">Vamos celebrar com toda alegria a Festa do Cristo Rei do Universo!<\/p>\n<p style=\"text-align: right\">Viva Cristo Rei!<\/p>\n<p style=\"text-align: right\">Departamento Infanto Juvenil<\/p>\n<p style=\"text-align: right\"><a href=\"https:\/\/www.instagram.com\/cnangelamenezes\/\">\u00c2ngela Menezes<\/a><\/p>\n","protected":false},"excerpt":{"rendered":"<p>Aquele bebezinho, fr\u00e1gil, que nasceu em uma manjedoura, com seus pais S\u00e3o Jos\u00e9 e Santa Maria, crescer\u00e1 em honra, sabedoria e estatura, e se tornar\u00e1 o Rei de todo o Universo! Mas o nosso cora\u00e7\u00e3o reconhece a realeza de Jesus Cristo?  <a href=\"https:\/\/blog.cancaonova.com\/paisecatequistas\/na-festa-de-cristo-rei-do-universo-celebramos-jesus-cristo-senhor-e-rei-do-tempo-e-da-historia\/\">Continue lendo <span class=\"meta-nav\">&rarr;<\/span><\/a><\/p>\n","protected":false},"author":4414,"featured_media":10801,"comment_status":"open","ping_status":"open","sticky":false,"template":"","format":"standard","meta":{"_mi_skip_tracking":false,"_monsterinsights_sitenote_active":false,"_monsterinsights_sitenote_note":"","_monsterinsights_sitenote_category":0,"footnotes":""},"categories":[16089,34,15521,102112,14931,221],"tags":[24461,30501,16442,200622,9931,203182,202826,8911,200651,18662,42993,17119,38,200650,200648,200641,36040,200680,200665,200626,192610,203298,25951,2691,200701,202456,45592,26912,200799,200775,120152,23258,18948,34,192590,204443,28283,114312,5011,18310,16595,102917,120743,23252,16437,120571,991,15521,203638,26984,34809,200666,13461,8001,15792,18874,200846,8631,200722,17604,27131,55809,5721,711,3671,6851,41132,7671,40,200843,200845,104100,15401,19784,701,51,22818,48,17101,231,22774,200653,16136,451,20156,28498,12951,261,16666,200709,192567,16068,13031,193693,381,41430,16908,33583,17269,202119,19175,24284,17350,21278,200802,200801,7761,25694,200772,271,200773,102779,200756,20206,10241,200647,200652,36378,4251,3691,39,15501,13571,19387,2031,141],"_links":{"self":[{"href":"https:\/\/blog.cancaonova.com\/paisecatequistas\/wp-json\/wp\/v2\/posts\/10539"}],"collection":[{"href":"https:\/\/blog.cancaonova.com\/paisecatequistas\/wp-json\/wp\/v2\/posts"}],"about":[{"href":"https:\/\/blog.cancaonova.com\/paisecatequistas\/wp-json\/wp\/v2\/types\/post"}],"author":[{"embeddable":true,"href":"https:\/\/blog.cancaonova.com\/paisecatequistas\/wp-json\/wp\/v2\/users\/4414"}],"replies":[{"embeddable":true,"href":"https:\/\/blog.cancaonova.com\/paisecatequistas\/wp-json\/wp\/v2\/comments?post=10539"}],"version-history":[{"count":7,"href":"https:\/\/blog.cancaonova.com\/paisecatequistas\/wp-json\/wp\/v2\/posts\/10539\/revisions"}],"predecessor-version":[{"id":19817,"href":"https:\/\/blog.cancaonova.com\/paisecatequistas\/wp-json\/wp\/v2\/posts\/10539\/revisions\/19817"}],"wp:featuredmedia":[{"embeddable":true,"href":"https:\/\/blog.cancaonova.com\/paisecatequistas\/wp-json\/wp\/v2\/media\/10801"}],"wp:attachment":[{"href":"https:\/\/blog.cancaonova.com\/paisecatequistas\/wp-json\/wp\/v2\/media?parent=10539"}],"wp:term":[{"taxonomy":"category","embeddable":true,"href":"https:\/\/blog.cancaonova.com\/paisecatequistas\/wp-json\/wp\/v2\/categories?post=10539"},{"taxonomy":"post_tag","embeddable":true,"href":"https:\/\/blog.cancaonova.com\/paisecatequistas\/wp-json\/wp\/v2\/tags?post=10539"}],"curies":[{"name":"wp","href":"https:\/\/api.w.org\/{rel}","templated":true}]}}