{"id":1059,"date":"2009-11-17T13:04:37","date_gmt":"2009-11-17T15:04:37","guid":{"rendered":"http:\/\/blog.cancaonova.com\/paisecatequistas\/?p=1059"},"modified":"2012-01-10T15:24:45","modified_gmt":"2012-01-10T17:24:45","slug":"para-colorir-3","status":"publish","type":"post","link":"https:\/\/blog.cancaonova.com\/paisecatequistas\/para-colorir-3\/","title":{"rendered":"Para Colorir..."},"content":{"rendered":"<p>Ol\u00e1 Fam\u00edlia<\/p>\n<p style=\"text-align: justify\"><strong>&#8220;Mas em todas essas coisas, somos mais que vencedores pela virtude daquele que nos amou&#8221;<\/strong>. (Romanos 8,37)<\/p>\n<p style=\"text-align: justify\">Pode ser que voc\u00ea tenha se acostumado com essa palavra, mas saiba que o Senhor a escolheu, hoje, para semear em sua vida. Qualquer que seja a situa\u00e7\u00e3o, em tudo somos mais que vencedores! O Esp\u00edrito inspirou S\u00e3o Paulo a dizer &#8220;somos mais&#8221;. Clamo ao Esp\u00edrito Santo de Deus que coloque esta certeza em seu cora\u00e7\u00e3o tamb\u00e9m. Sei como os sofrimentos nos abatem. Principalmente, n\u00f3s, brasileiros e latinos, que somos pura emo\u00e7\u00e3o. Por isso, quando a situa\u00e7\u00e3o nos parece imposs\u00edvel nos abatemos. Qual \u00e9 a sua situa\u00e7\u00e3o? At\u00e9 sobre o imposs\u00edvel somos mais que vencedores! Para Deus nada \u00e9 imposs\u00edvel. Na pr\u00e1tica, voc\u00ea est\u00e1 diante de um milagre, pois meu nascimento foi um imposs\u00edvel. Eu n\u00e3o conseguia nascer. As parteiras e os m\u00e9dicos tentaram de tudo, mas n\u00e3o tiveram \u00eaxito. Como eu n\u00e3o nascia, o m\u00e9dico pensou em salvar a minha m\u00e3e pelo menos. E um parente pr\u00f3ximo, de sobrenome Bosco, vendo essa situa\u00e7\u00e3o se preocupou e disse que tinha um santo que se chamava Dom Bosco e os incentivou a pedir a intercess\u00e3o dele.<\/p>\n<p style=\"text-align: justify\">Naquele momento, minha m\u00e3e me consagrou a ele e disse: <em><strong>&#8220;S\u00e3o Jo\u00e3o Bosco, n\u00e3o sei direito quem voc\u00ea \u00e9, mas eu consagro meu filho a ti, cuida dele para mim&#8221;<\/strong>. E aquilo que o m\u00e9dico e as parteiras n\u00e3o conseguiram, aconteceu: Eu nasci pelas m\u00e3os de Deus e intercess\u00e3o de Dom Bosco. N\u00e3o era para eu nascer, ou quem sabe nasceria at\u00e9 com defici\u00eancia, mas Deus o quis, porque para Ele nada \u00e9 imposs\u00edvel! Para o Senhor n\u00e3o h\u00e1 problema sem solu\u00e7\u00e3o. Qual \u00e9 o seu problema? Busque em Deus a solu\u00e7\u00e3o. O Senhor ama voc\u00ea e est\u00e1 em voc\u00ea. O seu problema n\u00e3o \u00e9 sem solu\u00e7\u00e3o, pois n\u201dEle voc\u00ea a tem. Pode descansar, relaxe no colo de Deus. Voc\u00ea est\u00e1 no colo d\u2019Ele e no colo da M\u00e3e da Ternura, que o acolhem e que tudo podem transformar em sua vida. &#8220;Todas as coisas concorrem para o bem dos que amam a Deus&#8221;. (Rom 8,28)<br \/>\n<\/em><\/p>\n<p style=\"text-align: justify\">Rezem comigo esta ora\u00e7\u00e3o: <em>&#8220;Oh, minha Senhora, oh minha M\u00e3e, eu me ofere\u00e7o todo a v\u00f3s. E em prova de minha devo\u00e7\u00e3o para convosco, vos consagro neste dia os meus olhos, meus ouvidos, minha boca, meu cora\u00e7\u00e3o e inteiramente todo o meu ser. E porque assim sou vosso, oh incompar\u00e1vel M\u00e3e, guardai-me e defendei-me como coisa e propriedade vossa. Am\u00e9m!&#8221;<\/em><\/p>\n<p style=\"text-align: justify\">Texto Mosenhor Jonas Abib<\/p>\n<p style=\"text-align: justify\"><a href=\"http:\/\/blog.cancaonova.com\/paisecatequistas\/files\/2009\/11\/vitoria-em-jesus.jpg\"><img decoding=\"async\" class=\"alignnone size-full wp-image-1060\" src=\"http:\/\/blog.cancaonova.com\/paisecatequistas\/files\/2009\/11\/vitoria-em-jesus.jpg\" alt=\"\" \/><\/a><\/p>\n","protected":false},"excerpt":{"rendered":"<p>Ol\u00e1 Fam\u00edlia &#8220;Mas em todas essas coisas, somos mais que vencedores pela virtude daquele que nos amou&#8221;. (Romanos 8,37) Pode ser que voc\u00ea tenha se acostumado com essa palavra, mas saiba que o Senhor a escolheu, hoje, para semear em&#8230;<\/p>\n","protected":false},"author":4340,"featured_media":0,"comment_status":"open","ping_status":"open","sticky":false,"template":"","format":"standard","meta":{"_mi_skip_tracking":false,"_monsterinsights_sitenote_active":false,"_monsterinsights_sitenote_note":"","_monsterinsights_sitenote_category":0,"footnotes":""},"categories":[16089],"tags":[19749,15975,9241,16192,102655,25928],"_links":{"self":[{"href":"https:\/\/blog.cancaonova.com\/paisecatequistas\/wp-json\/wp\/v2\/posts\/1059"}],"collection":[{"href":"https:\/\/blog.cancaonova.com\/paisecatequistas\/wp-json\/wp\/v2\/posts"}],"about":[{"href":"https:\/\/blog.cancaonova.com\/paisecatequistas\/wp-json\/wp\/v2\/types\/post"}],"author":[{"embeddable":true,"href":"https:\/\/blog.cancaonova.com\/paisecatequistas\/wp-json\/wp\/v2\/users\/4340"}],"replies":[{"embeddable":true,"href":"https:\/\/blog.cancaonova.com\/paisecatequistas\/wp-json\/wp\/v2\/comments?post=1059"}],"version-history":[{"count":5,"href":"https:\/\/blog.cancaonova.com\/paisecatequistas\/wp-json\/wp\/v2\/posts\/1059\/revisions"}],"predecessor-version":[{"id":3687,"href":"https:\/\/blog.cancaonova.com\/paisecatequistas\/wp-json\/wp\/v2\/posts\/1059\/revisions\/3687"}],"wp:attachment":[{"href":"https:\/\/blog.cancaonova.com\/paisecatequistas\/wp-json\/wp\/v2\/media?parent=1059"}],"wp:term":[{"taxonomy":"category","embeddable":true,"href":"https:\/\/blog.cancaonova.com\/paisecatequistas\/wp-json\/wp\/v2\/categories?post=1059"},{"taxonomy":"post_tag","embeddable":true,"href":"https:\/\/blog.cancaonova.com\/paisecatequistas\/wp-json\/wp\/v2\/tags?post=1059"}],"curies":[{"name":"wp","href":"https:\/\/api.w.org\/{rel}","templated":true}]}}