{"id":10671,"date":"2023-11-01T00:00:20","date_gmt":"2023-11-01T02:00:20","guid":{"rendered":"http:\/\/blog.cancaonova.com\/paisecatequistas\/?p=10671"},"modified":"2024-10-24T12:34:56","modified_gmt":"2024-10-24T14:34:56","slug":"vamos-entender-a-festa-liturgica-dia-de-todos-os-santos","status":"publish","type":"post","link":"https:\/\/blog.cancaonova.com\/paisecatequistas\/vamos-entender-a-festa-liturgica-dia-de-todos-os-santos\/","title":{"rendered":"A Comunh\u00e3o dos Santos"},"content":{"rendered":"<p>O dia de Todos os Santos \u00e9 uma celebra\u00e7\u00e3o lit\u00fargica da Igreja Cat\u00f3lica. Nesta festa, celebramos a festa dos santos e m\u00e1rtires conhecidos e n\u00e3o conhecidos, canonizados oficialmente e n\u00e3o canonizados.<\/p>\n<h4><strong>Import\u00e2ncia da Festa<\/strong><\/h4>\n<p align=\"justify\">Esta festa \u00e9 importante, porque nela s\u00e3o recordados tamb\u00e9m a mem\u00f3ria daqueles santos que n\u00e3o s\u00e3o os que estamos acostumados.<\/p>\n<p align=\"justify\">De pessoas que morreram em estado de gra\u00e7a, que s\u00e3o santas, mas n\u00e3o foram oficialmente elevadas aos altares da Igreja em forma de imagens.<\/p>\n<p align=\"justify\">Esta realidade revela a nossa voca\u00e7\u00e3o universal \u00e0 santidade.<\/p>\n<p align=\"justify\">Todos n\u00f3s somos chamados a ser santos. Independentemente de um reconhecimento oficial ou n\u00e3o. Nossa voca\u00e7\u00e3o universal expressa a comunh\u00e3o dos santos.<\/p>\n<p align=\"justify\"><img loading=\"lazy\" decoding=\"async\" class=\"size-full wp-image-10672 alignnone\" src=\"http:\/\/blog.cancaonova.com\/paisecatequistas\/files\/2020\/10\/01-11-600x300.jpg\" alt=\"\" width=\"600\" height=\"300\" srcset=\"https:\/\/blog.cancaonova.com\/paisecatequistas\/files\/2020\/10\/01-11-600x300.jpg 600w, https:\/\/blog.cancaonova.com\/paisecatequistas\/files\/2020\/10\/01-11-600x300-300x150.jpg 300w, https:\/\/blog.cancaonova.com\/paisecatequistas\/files\/2020\/10\/01-11-600x300-150x75.jpg 150w\" sizes=\"(max-width: 600px) 100vw, 600px\" \/><\/p>\n<h4 align=\"justify\"><strong>O que \u00e9 a comunh\u00e3o dos santos?<\/strong><\/h4>\n<p align=\"justify\">A Igreja \u00e9 uma realidade \u00fanica que subsiste em tr\u00eas formas:<\/p>\n<ul>\n<li>a padecente, naqueles que est\u00e3o salvos, mas que, no purgat\u00f3rio, se purificam das penas de seus pecados, ou seja, mesmo passando desta vida em estado de gra\u00e7a, s\u00e3o ainda marcados pelas consequ\u00eancias de pecados que tiveram;<\/li>\n<li>a peregrina, que s\u00e3o os que ainda vivem neste mundo, sabendo que aqui n\u00e3o tem morada permanente, e aqui devem viver em santidade;<\/li>\n<li>e a triunfante, naqueles que est\u00e3o salvos e santos, os quais n\u00f3s celebramos e para os quais pedimos a intercess\u00e3o.<\/li>\n<\/ul>\n<p align=\"justify\">A comunh\u00e3o dos Santos \u00e9 a realidade na qual n\u00f3s, a Igreja peregrina, contamos com a intercess\u00e3o dos triunfantes, os santos, e fazemos nossas preces pelos da padecente. Assim, realiza-se a comunh\u00e3o dos santos, e assim ganhamos amigos no c\u00e9u pela ora\u00e7\u00e3o e intercess\u00e3o m\u00fatua.<\/p>\n<p align=\"justify\"><img loading=\"lazy\" decoding=\"async\" class=\"size-full wp-image-10675 alignnone\" src=\"http:\/\/blog.cancaonova.com\/paisecatequistas\/files\/2020\/10\/corpo-600x300-corpo-blog-grande-7.jpg\" alt=\"\" width=\"600\" height=\"300\" srcset=\"https:\/\/blog.cancaonova.com\/paisecatequistas\/files\/2020\/10\/corpo-600x300-corpo-blog-grande-7.jpg 600w, https:\/\/blog.cancaonova.com\/paisecatequistas\/files\/2020\/10\/corpo-600x300-corpo-blog-grande-7-300x150.jpg 300w, https:\/\/blog.cancaonova.com\/paisecatequistas\/files\/2020\/10\/corpo-600x300-corpo-blog-grande-7-150x75.jpg 150w\" sizes=\"(max-width: 600px) 100vw, 600px\" \/><\/p>\n<h4 align=\"justify\">\u00a0<strong>Dia de celebrar<\/strong><\/h4>\n<p align=\"justify\">Portanto, o dia de todos os santos \u00e9 um momento de celebrarmos juntos com aqueles que est\u00e3o no c\u00e9u\u00a0 e intercedem por n\u00f3s. Sejam eles conhecidos ou n\u00e3o.<\/p>\n<p>Dos santos conhecidos, h\u00e1 algum que voc\u00ea admira? Como S\u00e3o Francisco, Santo Ant\u00f4nio, S\u00e3o Padre Pio,\u00a0Santa Rita de C\u00e1ssia, Santa Clara? Por acaso voc\u00ea sabe me dizer algum brasileiro j\u00e1 canonizado oficialmente?<\/p>\n<p>Aqui, na Escola da Can\u00e7\u00e3o Nova, o Instituto Can\u00e7\u00e3o Nova, celebramos e incentivamos, todos os anos, os alunos a fazerem um desfile caracterizado com o santo de sua devo\u00e7\u00e3o.<\/p>\n<p align=\"justify\"><a href=\"https:\/\/www.flickr.com\/photos\/institutocn\/albums\/72157672394185823\" target=\"_blank\" rel=\"noopener\">Clique e veja todas as fotos da homenagem aos Santos no Instituto Can\u00e7\u00e3o Nova.<\/a><\/p>\n<p align=\"justify\">Que tal fazer isso em sua casa, em sua comunidade, em seu condom\u00ednio? Vai ser bem legal!<\/p>\n<p align=\"justify\">Encontre, no diagrama abaixo, os nomes dos santos:<\/p>\n<p align=\"justify\"><img loading=\"lazy\" decoding=\"async\" class=\"size-full wp-image-10673 alignnone\" src=\"http:\/\/blog.cancaonova.com\/paisecatequistas\/files\/2020\/10\/01-11-540x820.jpg\" alt=\"\" width=\"540\" height=\"820\" srcset=\"https:\/\/blog.cancaonova.com\/paisecatequistas\/files\/2020\/10\/01-11-540x820.jpg 540w, https:\/\/blog.cancaonova.com\/paisecatequistas\/files\/2020\/10\/01-11-540x820-198x300.jpg 198w\" sizes=\"(max-width: 540px) 100vw, 540px\" \/><\/p>\n<p style=\"text-align: right\" align=\"justify\">Todos os Santos e Santas do Senhor, rogai por n\u00f3s!<\/p>\n<p style=\"text-align: right\" align=\"justify\">Departamento Infantojuvenil<\/p>\n<p style=\"text-align: right\" align=\"justify\"><a href=\"https:\/\/www.instagram.com\/cancaonovakids\/\">Can\u00e7\u00e3o Nova Kids<\/a><\/p>\n<p align=\"justify\">\n","protected":false},"excerpt":{"rendered":"<p>O dia de todos os santos \u00e9 uma celebra\u00e7\u00e3o lit\u00fargica onde a Igreja reconhece que h\u00e1 muitos filhos de Deus que viveram santamente na sua vida do cotidiano e muito santamente, mas que n\u00e3o h\u00e1 um reconhecimento oficial. \u00c9 momento de celebrarmos juntos com aqueles que est\u00e3o no c\u00e9u\u00a0 e intercedem por n\u00f3s. Sejam eles conhecidos ou n\u00e3o. <a href=\"https:\/\/blog.cancaonova.com\/paisecatequistas\/vamos-entender-a-festa-liturgica-dia-de-todos-os-santos\/\">Continue lendo <span class=\"meta-nav\">&rarr;<\/span><\/a><\/p>\n","protected":false},"author":4414,"featured_media":12677,"comment_status":"closed","ping_status":"closed","sticky":false,"template":"","format":"standard","meta":{"_mi_skip_tracking":false,"_monsterinsights_sitenote_active":false,"_monsterinsights_sitenote_note":"","_monsterinsights_sitenote_category":0,"footnotes":""},"categories":[16089,15521,48,271],"tags":[201057,16595,8001,200845,32,33888,25170,24722],"_links":{"self":[{"href":"https:\/\/blog.cancaonova.com\/paisecatequistas\/wp-json\/wp\/v2\/posts\/10671"}],"collection":[{"href":"https:\/\/blog.cancaonova.com\/paisecatequistas\/wp-json\/wp\/v2\/posts"}],"about":[{"href":"https:\/\/blog.cancaonova.com\/paisecatequistas\/wp-json\/wp\/v2\/types\/post"}],"author":[{"embeddable":true,"href":"https:\/\/blog.cancaonova.com\/paisecatequistas\/wp-json\/wp\/v2\/users\/4414"}],"replies":[{"embeddable":true,"href":"https:\/\/blog.cancaonova.com\/paisecatequistas\/wp-json\/wp\/v2\/comments?post=10671"}],"version-history":[{"count":9,"href":"https:\/\/blog.cancaonova.com\/paisecatequistas\/wp-json\/wp\/v2\/posts\/10671\/revisions"}],"predecessor-version":[{"id":18155,"href":"https:\/\/blog.cancaonova.com\/paisecatequistas\/wp-json\/wp\/v2\/posts\/10671\/revisions\/18155"}],"wp:featuredmedia":[{"embeddable":true,"href":"https:\/\/blog.cancaonova.com\/paisecatequistas\/wp-json\/wp\/v2\/media\/12677"}],"wp:attachment":[{"href":"https:\/\/blog.cancaonova.com\/paisecatequistas\/wp-json\/wp\/v2\/media?parent=10671"}],"wp:term":[{"taxonomy":"category","embeddable":true,"href":"https:\/\/blog.cancaonova.com\/paisecatequistas\/wp-json\/wp\/v2\/categories?post=10671"},{"taxonomy":"post_tag","embeddable":true,"href":"https:\/\/blog.cancaonova.com\/paisecatequistas\/wp-json\/wp\/v2\/tags?post=10671"}],"curies":[{"name":"wp","href":"https:\/\/api.w.org\/{rel}","templated":true}]}}