{"id":10779,"date":"2020-11-18T11:40:22","date_gmt":"2020-11-18T13:40:22","guid":{"rendered":"http:\/\/blog.cancaonova.com\/paisecatequistas\/?p=10779"},"modified":"2020-11-18T11:40:22","modified_gmt":"2020-11-18T13:40:22","slug":"o-que-e-a-dedicacao-da-basilica-de-sao-pedro-e-sao-paulo","status":"publish","type":"post","link":"https:\/\/blog.cancaonova.com\/paisecatequistas\/o-que-e-a-dedicacao-da-basilica-de-sao-pedro-e-sao-paulo\/","title":{"rendered":"O que \u00e9 a \"Dedica\u00e7\u00e3o da Bas\u00edlica de S\u00e3o Pedro e S\u00e3o Paulo\"?"},"content":{"rendered":"<h4>O que \u00e9 a &#8220;Dedica\u00e7\u00e3o da Bas\u00edlica de S\u00e3o Pedro e S\u00e3o Paulo&#8221;?<\/h4>\n<p>Em 323 o imperador Constantino come\u00e7ou a construir a bas\u00edlica de S\u00e3o Pedro, atendendo a apelos de sua m\u00e3e, Santa Helena.<\/p>\n<p>Ela foi constru\u00edda no local onde S\u00e3o Pedro foi sepultado. Durante dois s\u00e9culos foi preservada sua concep\u00e7\u00e3o original. Depois a constru\u00e7\u00e3o foi se deteriorando.<\/p>\n<p>Hoje celebramos a Dedica\u00e7\u00e3o dessas duas bas\u00edlicas. No pontificado do papa J\u00falio II decidiu-se derrubar a velha igreja de S\u00e3o Pedro.<\/p>\n<p>Em 18 de abril de 1506, Bramante recebeu o encargo de desenhar a nova igreja.<\/p>\n<p>&nbsp;<\/p>\n<p><img loading=\"lazy\" decoding=\"async\" class=\"aligncenter size-full wp-image-10783\" src=\"http:\/\/blog.cancaonova.com\/paisecatequistas\/files\/2020\/11\/corpo-1100-x-600-1-1.jpg\" alt=\"\" width=\"1100\" height=\"600\" srcset=\"https:\/\/blog.cancaonova.com\/paisecatequistas\/files\/2020\/11\/corpo-1100-x-600-1-1.jpg 1100w, https:\/\/blog.cancaonova.com\/paisecatequistas\/files\/2020\/11\/corpo-1100-x-600-1-1-300x164.jpg 300w, https:\/\/blog.cancaonova.com\/paisecatequistas\/files\/2020\/11\/corpo-1100-x-600-1-1-768x419.jpg 768w\" sizes=\"(max-width: 1100px) 100vw, 1100px\" \/><\/p>\n<p>A Bas\u00edlica de S\u00e3o Pedro \u00e9 a maior de todas as igrejas cat\u00f3licas, a Igreja. Ela cobre \u00e1rea de 23000 m\u00b2 e comporta mais de 60 mil pessoas.<\/p>\n<p>O templo \u00e9 um lugar especial de encontro com Deus. E a nossa Igreja zela muito por todas as coisas sagradas da nossa F\u00e9.<\/p>\n<p>A festa da Dedica\u00e7\u00e3o das Bas\u00edlicas de S\u00e3o Pedro e S\u00e3o Paulo e, mais ainda, o exemplo de vida que os dois santos nos deixaram, s\u00e3o um convite para meditarmos nas palavras de Jesus:<\/p>\n<p><strong><em>\u201cSe algu\u00e9m me ama, guarda minha palavra; meu Pai o amar\u00e1, viremos a ele e nele faremos morada.\u201d Jo\u00e3o 14, 23\u00a0<\/em><\/strong><\/p>\n<p>&nbsp;<\/p>\n<p><img loading=\"lazy\" decoding=\"async\" class=\"aligncenter size-full wp-image-10781\" src=\"http:\/\/blog.cancaonova.com\/paisecatequistas\/files\/2020\/11\/18-11-540x820.jpg\" alt=\"\" width=\"540\" height=\"820\" srcset=\"https:\/\/blog.cancaonova.com\/paisecatequistas\/files\/2020\/11\/18-11-540x820.jpg 540w, https:\/\/blog.cancaonova.com\/paisecatequistas\/files\/2020\/11\/18-11-540x820-198x300.jpg 198w\" sizes=\"(max-width: 540px) 100vw, 540px\" \/><\/p>\n<p style=\"text-align: right\">S\u00e3o Pedro e S\u00e3o Paulo, rogai pelos cat\u00f3licos do mundo todo e pela convers\u00e3o do mundo inteiro!<\/p>\n<p style=\"text-align: right\">Departamento Infanto Juvenil<\/p>\n<p style=\"text-align: right\"><a href=\"https:\/\/www.instagram.com\/cancaonovakids\/\">Can\u00e7\u00e3o Nova Kids.<\/a><\/p>\n","protected":false},"excerpt":{"rendered":"<p>A festa da Dedica\u00e7\u00e3o das Bas\u00edlicas de S\u00e3o Pedro e S\u00e3o Paulo e, mais ainda, o exemplo de vida que os dois santos nos deixaram, s\u00e3o um convite para meditarmos nas palavras de Jesus:<br \/>\n\u201cSe algu\u00e9m me ama, guarda minha palavra; meu Pai o amar\u00e1, viremos a ele e nele faremos morada.\u201d Jo\u00e3o 14, 23\u00a0 <a href=\"https:\/\/blog.cancaonova.com\/paisecatequistas\/o-que-e-a-dedicacao-da-basilica-de-sao-pedro-e-sao-paulo\/\">Continue lendo <span class=\"meta-nav\">&rarr;<\/span><\/a><\/p>\n","protected":false},"author":4414,"featured_media":10782,"comment_status":"open","ping_status":"open","sticky":false,"template":"","format":"standard","meta":{"_mi_skip_tracking":false,"_monsterinsights_sitenote_active":false,"_monsterinsights_sitenote_note":"","_monsterinsights_sitenote_category":0,"footnotes":""},"categories":[16089,15521,14931,48],"tags":[24461,30501,16442,200622,203182,202826,8911,200651,18662,42993,17119,38,200650,200648,200641,36040,200680,200665,200626,192610,203298,25951,2691,200701,202456,45592,26912,200799,200775,120152,23258,18948,34,192590,204443,28283,114312,5011,18310,16595,102917,120743,23252,16437,120571,991,15521,203638,26984,16034,178954,16507,34809,200666,13461,8001,15792,200835,8631,200722,17604,27131,55809,5721,711,3671,6851,41132,7671,40,53330,14931,104100,15401,19784,701,51,22818,48,17101,231,22774,200653,16136,451,20156,28498,12951,261,16666,200709,192567,16068,13031,193693,381,41430,16908,33583,17269,202119,19175,24284,17350,21278,200802,200801,7761,25694,200772,271,200773,25753,16476,19677,102779,200756,20206,10241,200647,200652,4251,3691,39,15501,13571,19387,2031,141],"_links":{"self":[{"href":"https:\/\/blog.cancaonova.com\/paisecatequistas\/wp-json\/wp\/v2\/posts\/10779"}],"collection":[{"href":"https:\/\/blog.cancaonova.com\/paisecatequistas\/wp-json\/wp\/v2\/posts"}],"about":[{"href":"https:\/\/blog.cancaonova.com\/paisecatequistas\/wp-json\/wp\/v2\/types\/post"}],"author":[{"embeddable":true,"href":"https:\/\/blog.cancaonova.com\/paisecatequistas\/wp-json\/wp\/v2\/users\/4414"}],"replies":[{"embeddable":true,"href":"https:\/\/blog.cancaonova.com\/paisecatequistas\/wp-json\/wp\/v2\/comments?post=10779"}],"version-history":[{"count":3,"href":"https:\/\/blog.cancaonova.com\/paisecatequistas\/wp-json\/wp\/v2\/posts\/10779\/revisions"}],"predecessor-version":[{"id":10785,"href":"https:\/\/blog.cancaonova.com\/paisecatequistas\/wp-json\/wp\/v2\/posts\/10779\/revisions\/10785"}],"wp:featuredmedia":[{"embeddable":true,"href":"https:\/\/blog.cancaonova.com\/paisecatequistas\/wp-json\/wp\/v2\/media\/10782"}],"wp:attachment":[{"href":"https:\/\/blog.cancaonova.com\/paisecatequistas\/wp-json\/wp\/v2\/media?parent=10779"}],"wp:term":[{"taxonomy":"category","embeddable":true,"href":"https:\/\/blog.cancaonova.com\/paisecatequistas\/wp-json\/wp\/v2\/categories?post=10779"},{"taxonomy":"post_tag","embeddable":true,"href":"https:\/\/blog.cancaonova.com\/paisecatequistas\/wp-json\/wp\/v2\/tags?post=10779"}],"curies":[{"name":"wp","href":"https:\/\/api.w.org\/{rel}","templated":true}]}}