{"id":10786,"date":"2020-11-19T12:44:01","date_gmt":"2020-11-19T14:44:01","guid":{"rendered":"http:\/\/blog.cancaonova.com\/paisecatequistas\/?p=10786"},"modified":"2020-11-19T12:44:01","modified_gmt":"2020-11-19T14:44:01","slug":"bem-aventurados-os-que-tem-fome-e-sede-de-justica-porque-serao-saciados-mt-5-6","status":"publish","type":"post","link":"https:\/\/blog.cancaonova.com\/paisecatequistas\/bem-aventurados-os-que-tem-fome-e-sede-de-justica-porque-serao-saciados-mt-5-6\/","title":{"rendered":"Bem aventurados quem t\u00eam fome e sede de justi\u00e7a, pois ser\u00e3o saciados! Mt 5,6"},"content":{"rendered":"<h4>Bem aventurados os que t\u00eam fome e sede de justi\u00e7a, porque ser\u00e3o saciados! Mt 5, 6 &#8211; S\u00e9rie Bem Aventuran\u00e7as<\/h4>\n<p>Fome de justi\u00e7a? Mas justi\u00e7a \u00e9 de comer?<\/p>\n<p>N\u00e3o!!!! Esta &#8220;fome&#8221; que Jesus fala \u00e9 o desejo da alma de ser justi\u00e7ado e esta justi\u00e7a n\u00e3o tem nada a ver com comida.<\/p>\n<p><span style=\"font-weight: 400\">Voc\u00ea sabe o que \u00e9 justi\u00e7a?\u00a0<\/span><span style=\"font-weight: 400\">Justi\u00e7a \u00e9 aquilo que direito, que \u00e9 correto.<\/span><\/p>\n<p><span style=\"font-weight: 400\">E quando Jesus fala que ser\u00e3o bem aventurados os que tem sede de justi\u00e7a, Ele est\u00e1 dizendo que as pessoas que buscarem as coisas certas, corretas, que buscarem fazer tudo direitinho, ser\u00e3o recompensados.<\/span><\/p>\n<p>Jesus proclama nesta Bem Aventuran\u00e7a que, quem tem esta sede, n\u00e3o ser\u00e1 desiludido! Ser\u00e1 saciado pela justi\u00e7a Divina!<\/p>\n<p><img loading=\"lazy\" decoding=\"async\" class=\"aligncenter size-full wp-image-10790\" src=\"http:\/\/blog.cancaonova.com\/paisecatequistas\/files\/2020\/11\/tirinha-pascoalino_color.jpg\" alt=\"\" width=\"2126\" height=\"630\" srcset=\"https:\/\/blog.cancaonova.com\/paisecatequistas\/files\/2020\/11\/tirinha-pascoalino_color.jpg 2126w, https:\/\/blog.cancaonova.com\/paisecatequistas\/files\/2020\/11\/tirinha-pascoalino_color-300x89.jpg 300w, https:\/\/blog.cancaonova.com\/paisecatequistas\/files\/2020\/11\/tirinha-pascoalino_color-768x228.jpg 768w\" sizes=\"(max-width: 2126px) 100vw, 2126px\" \/><\/p>\n<p><span style=\"font-weight: 400\">N\u00e3o estamos falando aqui daqueles que querem vingan\u00e7a! N\u00e3o! Vingan\u00e7a n\u00e3o \u00e9 uma coisa legal, porque quem age com vingan\u00e7a, age sempre movido pela raiva.<\/span><\/p>\n<p><span style=\"font-weight: 400\">Estamos falando de uma justi\u00e7a divina, uma justi\u00e7a guiada pela Miseric\u00f3rdia de Deus. <\/span><\/p>\n<p><span style=\"font-weight: 400\">N\u00e3o \u00e9 uma justi\u00e7a humana, mas uma justi\u00e7a onde quem toma a frente \u00e9 o Esp\u00edrito Santo de Deus, sempre tendo como base o Evangelho.<\/span><\/p>\n<p><img loading=\"lazy\" decoding=\"async\" class=\"aligncenter size-full wp-image-10793\" src=\"http:\/\/blog.cancaonova.com\/paisecatequistas\/files\/2020\/11\/corpo-1100-x-600-2.jpg\" alt=\"\" width=\"1100\" height=\"600\" srcset=\"https:\/\/blog.cancaonova.com\/paisecatequistas\/files\/2020\/11\/corpo-1100-x-600-2.jpg 1100w, https:\/\/blog.cancaonova.com\/paisecatequistas\/files\/2020\/11\/corpo-1100-x-600-2-300x164.jpg 300w, https:\/\/blog.cancaonova.com\/paisecatequistas\/files\/2020\/11\/corpo-1100-x-600-2-768x419.jpg 768w\" sizes=\"(max-width: 1100px) 100vw, 1100px\" \/><\/p>\n<p><span style=\"font-weight: 400\">\u201cPois o Evangelho de Jesus Cristo \u00e9 a maior justi\u00e7a que pode ser oferecida ao cora\u00e7\u00e3o da humanidade, que tem uma necessidade vital dele (Jesus), mesmo sem se aperceber\u2026\u201d Papa Francisco.<\/span><\/p>\n<p><img loading=\"lazy\" decoding=\"async\" class=\"aligncenter size-full wp-image-10788\" src=\"http:\/\/blog.cancaonova.com\/paisecatequistas\/files\/2020\/11\/600x600-corpo-3.jpg\" alt=\"\" width=\"600\" height=\"600\" srcset=\"https:\/\/blog.cancaonova.com\/paisecatequistas\/files\/2020\/11\/600x600-corpo-3.jpg 600w, https:\/\/blog.cancaonova.com\/paisecatequistas\/files\/2020\/11\/600x600-corpo-3-150x150.jpg 150w, https:\/\/blog.cancaonova.com\/paisecatequistas\/files\/2020\/11\/600x600-corpo-3-300x300.jpg 300w\" sizes=\"(max-width: 600px) 100vw, 600px\" \/><\/p>\n<p style=\"text-align: right\">Quem tem esta sede, n\u00e3o ser\u00e1 desiludido! Ser\u00e1 saciado pela justi\u00e7a Divina!<\/p>\n<p style=\"text-align: right\">Departamento Infanto Juvenil<\/p>\n<p style=\"text-align: right\"><a href=\"https:\/\/www.instagram.com\/cancaonovakids\/\">Can\u00e7\u00e3o Nova Kids<\/a>.<\/p>\n","protected":false},"excerpt":{"rendered":"<p>Estamos falando de uma justi\u00e7a divina, uma justi\u00e7a guiada pela Miseric\u00f3rdia de Deus. \u201cPois o Evangelho de Jesus Cristo \u00e9 a maior justi\u00e7a que pode ser oferecida ao cora\u00e7\u00e3o da humanidade, que tem uma necessidade vital dele (Jesus), mesmo sem se aperceber\u2026\u201d Papa Francisco. <a href=\"https:\/\/blog.cancaonova.com\/paisecatequistas\/bem-aventurados-os-que-tem-fome-e-sede-de-justica-porque-serao-saciados-mt-5-6\/\">Continue lendo <span class=\"meta-nav\">&rarr;<\/span><\/a><\/p>\n","protected":false},"author":4414,"featured_media":10796,"comment_status":"open","ping_status":"open","sticky":false,"template":"","format":"standard","meta":{"_mi_skip_tracking":false,"_monsterinsights_sitenote_active":false,"_monsterinsights_sitenote_note":"","_monsterinsights_sitenote_category":0,"footnotes":""},"categories":[16089,23258,34,15521],"tags":[24461,30501,16442,200622,9931,203182,202826,8911,200651,18662,42993,17119,38,200650,200648,200641,36040,200680,200665,200626,192610,203298,25951,2691,200701,202456,45592,200840,200841,26912,200799,200775,19015,120152,23258,18948,34,192590,204443,28283,114312,5011,18310,16595,102917,120743,23252,16437,120571,991,15521,203638,26984,34809,200666,13461,8001,15792,8631,200722,17604,27131,55809,5721,711,3671,6851,41132,7671,40,104100,15401,19784,701,51,22818,48,17101,231,22774,200653,16136,31,451,20156,28498,12951,261,16666,200709,192567,16068,17234,13031,193693,381,41430,16908,33583,17269,202119,19175,24284,17350,21278,200802,200801,7761,25694,200772,271,200773,102779,200756,20206,10241,200647,200652,27833,36378,4251,3691,39,15501,13571,19387,2031,141],"_links":{"self":[{"href":"https:\/\/blog.cancaonova.com\/paisecatequistas\/wp-json\/wp\/v2\/posts\/10786"}],"collection":[{"href":"https:\/\/blog.cancaonova.com\/paisecatequistas\/wp-json\/wp\/v2\/posts"}],"about":[{"href":"https:\/\/blog.cancaonova.com\/paisecatequistas\/wp-json\/wp\/v2\/types\/post"}],"author":[{"embeddable":true,"href":"https:\/\/blog.cancaonova.com\/paisecatequistas\/wp-json\/wp\/v2\/users\/4414"}],"replies":[{"embeddable":true,"href":"https:\/\/blog.cancaonova.com\/paisecatequistas\/wp-json\/wp\/v2\/comments?post=10786"}],"version-history":[{"count":4,"href":"https:\/\/blog.cancaonova.com\/paisecatequistas\/wp-json\/wp\/v2\/posts\/10786\/revisions"}],"predecessor-version":[{"id":10797,"href":"https:\/\/blog.cancaonova.com\/paisecatequistas\/wp-json\/wp\/v2\/posts\/10786\/revisions\/10797"}],"wp:featuredmedia":[{"embeddable":true,"href":"https:\/\/blog.cancaonova.com\/paisecatequistas\/wp-json\/wp\/v2\/media\/10796"}],"wp:attachment":[{"href":"https:\/\/blog.cancaonova.com\/paisecatequistas\/wp-json\/wp\/v2\/media?parent=10786"}],"wp:term":[{"taxonomy":"category","embeddable":true,"href":"https:\/\/blog.cancaonova.com\/paisecatequistas\/wp-json\/wp\/v2\/categories?post=10786"},{"taxonomy":"post_tag","embeddable":true,"href":"https:\/\/blog.cancaonova.com\/paisecatequistas\/wp-json\/wp\/v2\/tags?post=10786"}],"curies":[{"name":"wp","href":"https:\/\/api.w.org\/{rel}","templated":true}]}}