{"id":10825,"date":"2021-12-16T00:00:14","date_gmt":"2021-12-16T02:00:14","guid":{"rendered":"http:\/\/blog.cancaonova.com\/paisecatequistas\/?p=10825"},"modified":"2021-12-15T16:48:11","modified_gmt":"2021-12-15T18:48:11","slug":"novena-de-natal-para-criancas-1o-dia-o-senhor-vai-chegar","status":"publish","type":"post","link":"https:\/\/blog.cancaonova.com\/paisecatequistas\/novena-de-natal-para-criancas-1o-dia-o-senhor-vai-chegar\/","title":{"rendered":"Novena de Natal para crian\u00e7as - 1\u00ba Dia O Senhor vai chegar!"},"content":{"rendered":"<h4>O Senhor vai chegar e n\u00e3o vai demorar!<\/h4>\n<p>Que o nosso cora\u00e7\u00e3o seja bom, para que os pobres possamos ajudar! Vamos rezar juntos o 1\u00ba dia da novena de Natal para crian\u00e7as?<\/p>\n<p>Neste tempo de espera, vamos preparar nossa casa f\u00edsica e nossa alma para receber o Rei dos reis!<\/p>\n<p><img loading=\"lazy\" decoding=\"async\" class=\"aligncenter size-full wp-image-11029\" src=\"http:\/\/blog.cancaonova.com\/paisecatequistas\/files\/2020\/12\/Apresenta\u00e7\u00e3o.jpg\" alt=\"\" width=\"1200\" height=\"1000\" srcset=\"https:\/\/blog.cancaonova.com\/paisecatequistas\/files\/2020\/12\/Apresenta\u00e7\u00e3o.jpg 1200w, https:\/\/blog.cancaonova.com\/paisecatequistas\/files\/2020\/12\/Apresenta\u00e7\u00e3o-300x250.jpg 300w, https:\/\/blog.cancaonova.com\/paisecatequistas\/files\/2020\/12\/Apresenta\u00e7\u00e3o-768x640.jpg 768w\" sizes=\"(max-width: 1200px) 100vw, 1200px\" \/><\/p>\n<p>Hoje \u00e9 dia do retiro da boa morte dos nossos brinquedos! Vamos rezar juntos e praticar a aventura sugerida para o dia de hoje.<img loading=\"lazy\" decoding=\"async\" class=\"aligncenter size-full wp-image-11040\" src=\"http:\/\/blog.cancaonova.com\/paisecatequistas\/files\/2020\/12\/1-Dia-da-Novena-1.jpg\" alt=\"\" width=\"1200\" height=\"1000\" srcset=\"https:\/\/blog.cancaonova.com\/paisecatequistas\/files\/2020\/12\/1-Dia-da-Novena-1.jpg 1200w, https:\/\/blog.cancaonova.com\/paisecatequistas\/files\/2020\/12\/1-Dia-da-Novena-1-300x250.jpg 300w, https:\/\/blog.cancaonova.com\/paisecatequistas\/files\/2020\/12\/1-Dia-da-Novena-1-768x640.jpg 768w\" sizes=\"(max-width: 1200px) 100vw, 1200px\" \/><\/p>\n<p>A Estrela de Bel\u00e9m vai nos contar uma hist\u00f3ria linda! Vamos assistir?<\/p>\n<p><iframe loading=\"lazy\" title=\"Historinha | Alegria que a Estrela nos Traz\" width=\"600\" height=\"338\" src=\"https:\/\/www.youtube.com\/embed\/WxjJHRZWMWE?feature=oembed&amp;rel=0\" frameborder=\"0\" allow=\"accelerometer; autoplay; clipboard-write; encrypted-media; gyroscope; picture-in-picture; web-share\" referrerpolicy=\"strict-origin-when-cross-origin\" allowfullscreen><\/iframe><\/p>\n<p style=\"text-align: right\">Que o nosso cora\u00e7\u00e3o seja bom para os pobres ajudar e a Cristo sempre amar!<\/p>\n<p style=\"text-align: right\">Maranatha! Vem Senhor Jesus!<\/p>\n<p style=\"text-align: right\">Departamento Infanto Juvenil<\/p>\n<p style=\"text-align: right\"><a href=\"https:\/\/www.instagram.com\/cancaonovakids\/?hl=pt-br\">Can\u00e7\u00e3o Nova Kids<\/a><\/p>\n","protected":false},"excerpt":{"rendered":"<p>Vamos rezar juntos o primeiro dia da novena de Natal para crian\u00e7as? Entra aqui no Blog Pais e Catequistas e confira as ora\u00e7\u00f5es e a aventura proposto para este dia!  <a href=\"https:\/\/blog.cancaonova.com\/paisecatequistas\/novena-de-natal-para-criancas-1o-dia-o-senhor-vai-chegar\/\">Continue lendo <span class=\"meta-nav\">&rarr;<\/span><\/a><\/p>\n","protected":false},"author":4414,"featured_media":12928,"comment_status":"open","ping_status":"open","sticky":false,"template":"","format":"standard","meta":{"_mi_skip_tracking":false,"_monsterinsights_sitenote_active":false,"_monsterinsights_sitenote_note":"","_monsterinsights_sitenote_category":0,"footnotes":""},"categories":[16089,34,15521,15975,102112,31],"tags":[9931,5011,16595,15521,31708,221,17435,231,451,12951,26921,26986,261,192567,17350,4251],"_links":{"self":[{"href":"https:\/\/blog.cancaonova.com\/paisecatequistas\/wp-json\/wp\/v2\/posts\/10825"}],"collection":[{"href":"https:\/\/blog.cancaonova.com\/paisecatequistas\/wp-json\/wp\/v2\/posts"}],"about":[{"href":"https:\/\/blog.cancaonova.com\/paisecatequistas\/wp-json\/wp\/v2\/types\/post"}],"author":[{"embeddable":true,"href":"https:\/\/blog.cancaonova.com\/paisecatequistas\/wp-json\/wp\/v2\/users\/4414"}],"replies":[{"embeddable":true,"href":"https:\/\/blog.cancaonova.com\/paisecatequistas\/wp-json\/wp\/v2\/comments?post=10825"}],"version-history":[{"count":7,"href":"https:\/\/blog.cancaonova.com\/paisecatequistas\/wp-json\/wp\/v2\/posts\/10825\/revisions"}],"predecessor-version":[{"id":16165,"href":"https:\/\/blog.cancaonova.com\/paisecatequistas\/wp-json\/wp\/v2\/posts\/10825\/revisions\/16165"}],"wp:featuredmedia":[{"embeddable":true,"href":"https:\/\/blog.cancaonova.com\/paisecatequistas\/wp-json\/wp\/v2\/media\/12928"}],"wp:attachment":[{"href":"https:\/\/blog.cancaonova.com\/paisecatequistas\/wp-json\/wp\/v2\/media?parent=10825"}],"wp:term":[{"taxonomy":"category","embeddable":true,"href":"https:\/\/blog.cancaonova.com\/paisecatequistas\/wp-json\/wp\/v2\/categories?post=10825"},{"taxonomy":"post_tag","embeddable":true,"href":"https:\/\/blog.cancaonova.com\/paisecatequistas\/wp-json\/wp\/v2\/tags?post=10825"}],"curies":[{"name":"wp","href":"https:\/\/api.w.org\/{rel}","templated":true}]}}