{"id":10836,"date":"2021-12-17T00:00:38","date_gmt":"2021-12-17T02:00:38","guid":{"rendered":"http:\/\/blog.cancaonova.com\/paisecatequistas\/?p=10836"},"modified":"2021-12-15T16:43:04","modified_gmt":"2021-12-15T18:43:04","slug":"novena-de-natal-para-criancas-2o-dia-alegrem-se","status":"publish","type":"post","link":"https:\/\/blog.cancaonova.com\/paisecatequistas\/novena-de-natal-para-criancas-2o-dia-alegrem-se\/","title":{"rendered":"Novena de Natal para crian\u00e7as - 2\u00ba Dia Alegrem-se!"},"content":{"rendered":"<h4>Alegrem-se todos, adultos e crian\u00e7as! \u00c9 Jesus quem vem nos trazer amor e esperan\u00e7a!<\/h4>\n<p>Segundo dia da Novena de Natal para Crian\u00e7as:<\/p>\n<p><img loading=\"lazy\" decoding=\"async\" class=\"aligncenter size-full wp-image-11036\" src=\"http:\/\/blog.cancaonova.com\/paisecatequistas\/files\/2020\/12\/2-Dia-da-Novena-1.jpg\" alt=\"\" width=\"1200\" height=\"1000\" srcset=\"https:\/\/blog.cancaonova.com\/paisecatequistas\/files\/2020\/12\/2-Dia-da-Novena-1.jpg 1200w, https:\/\/blog.cancaonova.com\/paisecatequistas\/files\/2020\/12\/2-Dia-da-Novena-1-300x250.jpg 300w, https:\/\/blog.cancaonova.com\/paisecatequistas\/files\/2020\/12\/2-Dia-da-Novena-1-768x640.jpg 768w\" sizes=\"(max-width: 1200px) 100vw, 1200px\" \/><\/p>\n<p>Hoje vamos limpar nosso cora\u00e7\u00e3o e pedir desculpas para as pessoas que deixamos tristes durante este ano.<\/p>\n<p>N\u00e3o tenha vergonha, n\u00e3o deixe o orgulho falar mais alto!<\/p>\n<p>Voc\u00ea vai experimentar a paz de Jesus invadindo sua alma e seu cora\u00e7\u00e3o!<\/p>\n<p>Certa vez, Madre Tereza de Calcut\u00e1 foi questionada por um jornalista qual o conselho ela dava para quem quer promover a paz no mundo. Ela ent\u00e3o respondeu:<\/p>\n<p>&#8220;V\u00e1 para casa e ame sua fam\u00edlia!&#8221;<\/p>\n<p>Vamos iniciar este percurso de limpeza do nosso cora\u00e7\u00e3o pelas pessoas da nossa fam\u00edlia.<\/p>\n<p>Paz na Terra, os anjos cantam!<\/p>\n<p><iframe loading=\"lazy\" title=\"Cantinho da Crian\u00c3\u00a7a - Clip de Natal - Gl\u00c3\u00b3ria a Deus\" width=\"600\" height=\"338\" src=\"https:\/\/www.youtube.com\/embed\/eNyQTuORd6Y?feature=oembed&amp;rel=0\" frameborder=\"0\" allow=\"accelerometer; autoplay; clipboard-write; encrypted-media; gyroscope; picture-in-picture; web-share\" referrerpolicy=\"strict-origin-when-cross-origin\" allowfullscreen><\/iframe><\/p>\n<p>Ah, n\u00e3o esque\u00e7a de imprimir o segundo dia da novena em um papel mais durinho e, depois que rezar com sua fam\u00edlia, colocar uma fita bem bonita e pendurar na \u00e1rvore de natal.<\/p>\n<p>&nbsp;<\/p>\n<p style=\"text-align: right\">Alegrem-se todos, adultos e crian\u00e7as! \u00c9 Jesus quem vem nos trazer amor e esperan\u00e7a!<\/p>\n<p style=\"text-align: right\">Maranatha! Vem Senhor Jesus!<\/p>\n<p style=\"text-align: right\">Departamento Infanto Juvenil<\/p>\n<p style=\"text-align: right\"><a href=\"https:\/\/www.instagram.com\/cancaonovakids\/?hl=pt-br\">Can\u00e7\u00e3o Nova Kids<\/a><\/p>\n<p>&nbsp;<\/p>\n<p>&nbsp;<\/p>\n","protected":false},"excerpt":{"rendered":"<p>Hoje vamos limpar nosso cora\u00e7\u00e3o e pedir desculpas para as pessoas que deixamos tristes. Vamos iniciar este percurso de limpeza do nosso cora\u00e7\u00e3o pelas pessoas da nossa fam\u00edlia?  <a href=\"https:\/\/blog.cancaonova.com\/paisecatequistas\/novena-de-natal-para-criancas-2o-dia-alegrem-se\/\">Continue lendo <span class=\"meta-nav\">&rarr;<\/span><\/a><\/p>\n","protected":false},"author":4414,"featured_media":12931,"comment_status":"open","ping_status":"open","sticky":false,"template":"","format":"standard","meta":{"_mi_skip_tracking":false,"_monsterinsights_sitenote_active":false,"_monsterinsights_sitenote_note":"","_monsterinsights_sitenote_category":0,"footnotes":""},"categories":[16089,200710,31],"tags":[211,5011,991,15521,8001,41132,40,31,12951,192567],"_links":{"self":[{"href":"https:\/\/blog.cancaonova.com\/paisecatequistas\/wp-json\/wp\/v2\/posts\/10836"}],"collection":[{"href":"https:\/\/blog.cancaonova.com\/paisecatequistas\/wp-json\/wp\/v2\/posts"}],"about":[{"href":"https:\/\/blog.cancaonova.com\/paisecatequistas\/wp-json\/wp\/v2\/types\/post"}],"author":[{"embeddable":true,"href":"https:\/\/blog.cancaonova.com\/paisecatequistas\/wp-json\/wp\/v2\/users\/4414"}],"replies":[{"embeddable":true,"href":"https:\/\/blog.cancaonova.com\/paisecatequistas\/wp-json\/wp\/v2\/comments?post=10836"}],"version-history":[{"count":4,"href":"https:\/\/blog.cancaonova.com\/paisecatequistas\/wp-json\/wp\/v2\/posts\/10836\/revisions"}],"predecessor-version":[{"id":11092,"href":"https:\/\/blog.cancaonova.com\/paisecatequistas\/wp-json\/wp\/v2\/posts\/10836\/revisions\/11092"}],"wp:featuredmedia":[{"embeddable":true,"href":"https:\/\/blog.cancaonova.com\/paisecatequistas\/wp-json\/wp\/v2\/media\/12931"}],"wp:attachment":[{"href":"https:\/\/blog.cancaonova.com\/paisecatequistas\/wp-json\/wp\/v2\/media?parent=10836"}],"wp:term":[{"taxonomy":"category","embeddable":true,"href":"https:\/\/blog.cancaonova.com\/paisecatequistas\/wp-json\/wp\/v2\/categories?post=10836"},{"taxonomy":"post_tag","embeddable":true,"href":"https:\/\/blog.cancaonova.com\/paisecatequistas\/wp-json\/wp\/v2\/tags?post=10836"}],"curies":[{"name":"wp","href":"https:\/\/api.w.org\/{rel}","templated":true}]}}