{"id":10838,"date":"2021-12-18T00:00:55","date_gmt":"2021-12-18T02:00:55","guid":{"rendered":"http:\/\/blog.cancaonova.com\/paisecatequistas\/?p=10838"},"modified":"2021-12-10T11:49:34","modified_gmt":"2021-12-10T13:49:34","slug":"novena-de-natal-para-criancas-3o-dia-a-promessa-vai-se-cumprir","status":"publish","type":"post","link":"https:\/\/blog.cancaonova.com\/paisecatequistas\/novena-de-natal-para-criancas-3o-dia-a-promessa-vai-se-cumprir\/","title":{"rendered":"Novena de Natal para crian\u00e7as - 3\u00ba Dia A promessa vai se cumprir!"},"content":{"rendered":"<h4>A Promessa vai se cumprir! De uma linda virgem nascer\u00e1 o nosso Senhor, Deus conosco!<\/h4>\n<p>J\u00e1 imprimiu os primeiros dias da novena para pendurar na \u00e1rvore de Natal? Se n\u00e3o imprimiu,\u00a0ainda d\u00e1 tempo!<\/p>\n<p>Vamos meditar o tema de hoje e rezar em fam\u00edlia o terceiro dia da novena de Natal?<\/p>\n<p><img loading=\"lazy\" decoding=\"async\" class=\"aligncenter size-full wp-image-11039\" src=\"http:\/\/blog.cancaonova.com\/paisecatequistas\/files\/2020\/12\/3-Dia-da-Novena-1.jpg\" alt=\"\" width=\"1200\" height=\"1000\" srcset=\"https:\/\/blog.cancaonova.com\/paisecatequistas\/files\/2020\/12\/3-Dia-da-Novena-1.jpg 1200w, https:\/\/blog.cancaonova.com\/paisecatequistas\/files\/2020\/12\/3-Dia-da-Novena-1-300x250.jpg 300w, https:\/\/blog.cancaonova.com\/paisecatequistas\/files\/2020\/12\/3-Dia-da-Novena-1-768x640.jpg 768w\" sizes=\"(max-width: 1200px) 100vw, 1200px\" \/><\/p>\n<p>Hoje \u00e9 dia da gente bombardear as redes sociais com nossos recadinhos!<\/p>\n<p>Tenho certeza de que se Jo\u00e3o Batista estivesse vivo nos tempos atuais faria o mesmo, pois ele dedicava sua vida \u00e0 proclamar que Jesus estava chegando.<\/p>\n<p>Agora \u00e9 a nossa vez! Assim como Jo\u00e3o Batista, vamos ser a voz de Deus a comunicar ao povo que Jesus est\u00e1 chegando!<\/p>\n<p>Pe\u00e7a para um adulto te ajudar como fez o Nyoko, Copia e cola:<\/p>\n<h4 style=\"text-align: center\"><strong>&#8220;Est\u00e1 chegando o Natal, Jesus nasceu por amor a voc\u00ea!<\/strong><\/h4>\n<p><img loading=\"lazy\" decoding=\"async\" class=\"aligncenter size-full wp-image-11095\" src=\"http:\/\/blog.cancaonova.com\/paisecatequistas\/files\/2020\/12\/corpo-1100-x-600-18.jpg\" alt=\"\" width=\"1100\" height=\"600\" srcset=\"https:\/\/blog.cancaonova.com\/paisecatequistas\/files\/2020\/12\/corpo-1100-x-600-18.jpg 1100w, https:\/\/blog.cancaonova.com\/paisecatequistas\/files\/2020\/12\/corpo-1100-x-600-18-300x164.jpg 300w, https:\/\/blog.cancaonova.com\/paisecatequistas\/files\/2020\/12\/corpo-1100-x-600-18-768x419.jpg 768w\" sizes=\"(max-width: 1100px) 100vw, 1100px\" \/><\/p>\n<p>&nbsp;<\/p>\n<p>Olha que legal como o Juca ajudou a turma do Cantinho a fazer o bem!<\/p>\n<p><iframe loading=\"lazy\" title=\"Cantinho da Crian\u00c3\u00a7a | Fazer o bem\" width=\"600\" height=\"338\" src=\"https:\/\/www.youtube.com\/embed\/ge07g1pgarU?feature=oembed&amp;rel=0\" frameborder=\"0\" allow=\"accelerometer; autoplay; clipboard-write; encrypted-media; gyroscope; picture-in-picture; web-share\" referrerpolicy=\"strict-origin-when-cross-origin\" allowfullscreen><\/iframe><\/p>\n<p>&nbsp;<\/p>\n<p style=\"text-align: right\">Maranatha! Vem Senhor Jesus!<\/p>\n<p style=\"text-align: right\">Departamento Infanto Juvenil<\/p>\n<p style=\"text-align: right\"><a href=\"https:\/\/www.instagram.com\/cancaonovakids\/?hl=pt-br\">Can\u00e7\u00e3o Nova Kids<\/a><\/p>\n","protected":false},"excerpt":{"rendered":"<p>Hoje \u00e9 dia da gente bombardear as redes sociais com nossos recadinhos! Tenho certeza de que se Jo\u00e3o Batista estivesse vivo nos tempos atuais faria o mesmo, pois ele dedicava sua vida \u00e0 proclamar que Jesus estava chegando. <a href=\"https:\/\/blog.cancaonova.com\/paisecatequistas\/novena-de-natal-para-criancas-3o-dia-a-promessa-vai-se-cumprir\/\">Continue lendo <span class=\"meta-nav\">&rarr;<\/span><\/a><\/p>\n","protected":false},"author":4414,"featured_media":12932,"comment_status":"open","ping_status":"open","sticky":false,"template":"","format":"standard","meta":{"_mi_skip_tracking":false,"_monsterinsights_sitenote_active":false,"_monsterinsights_sitenote_note":"","_monsterinsights_sitenote_category":0,"footnotes":""},"categories":[16089,34,200710,15521,15975,16851,14931,31],"tags":[24461,35737,30501,16442,200622,9931,200854,200870,200851,203182,202826,8911,200651,18662,42993,17119,38,200650,200648,200641,36040,200680,200665,200626,192610,203298,25951,2691,200701,202456,45592,34,192590,204443,114312,5011,18310,16595,102917,23252,16437,120571,991,15521,203638,26984,36379,200666,13461,8001,15792,8631,200722,17604,27131,55809,5721,711,3671,41132,7671,40,104100,15401,19784,51,22818,48,17101,231,22774,200653,16136,133221,83,8081,31,451,20156,28498,12951,26921,26986,261,16666,200709,192567,13031,193693,200859,381,41430,16908,33583,17269,202119,19175,24284,17350,21278,7761,271,200869,200868,102779,20206,10241,200647,200652,17104,26609,4251,3691,39,15501,13571,19387,2031,141],"_links":{"self":[{"href":"https:\/\/blog.cancaonova.com\/paisecatequistas\/wp-json\/wp\/v2\/posts\/10838"}],"collection":[{"href":"https:\/\/blog.cancaonova.com\/paisecatequistas\/wp-json\/wp\/v2\/posts"}],"about":[{"href":"https:\/\/blog.cancaonova.com\/paisecatequistas\/wp-json\/wp\/v2\/types\/post"}],"author":[{"embeddable":true,"href":"https:\/\/blog.cancaonova.com\/paisecatequistas\/wp-json\/wp\/v2\/users\/4414"}],"replies":[{"embeddable":true,"href":"https:\/\/blog.cancaonova.com\/paisecatequistas\/wp-json\/wp\/v2\/comments?post=10838"}],"version-history":[{"count":5,"href":"https:\/\/blog.cancaonova.com\/paisecatequistas\/wp-json\/wp\/v2\/posts\/10838\/revisions"}],"predecessor-version":[{"id":11097,"href":"https:\/\/blog.cancaonova.com\/paisecatequistas\/wp-json\/wp\/v2\/posts\/10838\/revisions\/11097"}],"wp:featuredmedia":[{"embeddable":true,"href":"https:\/\/blog.cancaonova.com\/paisecatequistas\/wp-json\/wp\/v2\/media\/12932"}],"wp:attachment":[{"href":"https:\/\/blog.cancaonova.com\/paisecatequistas\/wp-json\/wp\/v2\/media?parent=10838"}],"wp:term":[{"taxonomy":"category","embeddable":true,"href":"https:\/\/blog.cancaonova.com\/paisecatequistas\/wp-json\/wp\/v2\/categories?post=10838"},{"taxonomy":"post_tag","embeddable":true,"href":"https:\/\/blog.cancaonova.com\/paisecatequistas\/wp-json\/wp\/v2\/tags?post=10838"}],"curies":[{"name":"wp","href":"https:\/\/api.w.org\/{rel}","templated":true}]}}