{"id":10840,"date":"2021-12-19T00:00:22","date_gmt":"2021-12-19T02:00:22","guid":{"rendered":"http:\/\/blog.cancaonova.com\/paisecatequistas\/?p=10840"},"modified":"2021-12-15T16:45:26","modified_gmt":"2021-12-15T18:45:26","slug":"novena-de-natal-para-criancas-4o-dia-da-me-senhor-um-coracao-puro","status":"publish","type":"post","link":"https:\/\/blog.cancaonova.com\/paisecatequistas\/novena-de-natal-para-criancas-4o-dia-da-me-senhor-um-coracao-puro\/","title":{"rendered":"Novena de Natal para crian\u00e7as - 4\u00ba Dia d\u00e1-me Senhor, um cora\u00e7\u00e3o puro!"},"content":{"rendered":"<h4>Vamos divulgar a beleza, a pureza, a simplicidade e a un\u00e7\u00e3o do nascimento de Jesus atrav\u00e9s da representa\u00e7\u00e3o do Pres\u00e9pio!<\/h4>\n<p><img loading=\"lazy\" decoding=\"async\" class=\"aligncenter size-full wp-image-11038\" src=\"http:\/\/blog.cancaonova.com\/paisecatequistas\/files\/2020\/12\/4-Dia-da-Novena-1.jpg\" alt=\"\" width=\"1200\" height=\"1000\" srcset=\"https:\/\/blog.cancaonova.com\/paisecatequistas\/files\/2020\/12\/4-Dia-da-Novena-1.jpg 1200w, https:\/\/blog.cancaonova.com\/paisecatequistas\/files\/2020\/12\/4-Dia-da-Novena-1-300x250.jpg 300w, https:\/\/blog.cancaonova.com\/paisecatequistas\/files\/2020\/12\/4-Dia-da-Novena-1-768x640.jpg 768w\" sizes=\"(max-width: 1200px) 100vw, 1200px\" \/><\/p>\n<h4>O primeiro pres\u00e9pio do mundo foi criado na It\u00e1lia em 1223.<\/h4>\n<p>E foi criado por S\u00e3o Francisco de Assis, em uma gruta na cidade de Greccio que queria que as pessoas compreendessem melhor o nascimento de Jesus.<\/p>\n<p>A Tia Adelita vai nos contar para n\u00f3s desenhando!<\/p>\n<p><iframe loading=\"lazy\" title=\"Amigos do c\u00c3\u00a9u - Pres\u00c3\u00a9pio de S\u00c3\u00a3o Francisco de Assis\" width=\"600\" height=\"450\" src=\"https:\/\/www.youtube.com\/embed\/GMPPb7487ag?feature=oembed&amp;rel=0\" frameborder=\"0\" allow=\"accelerometer; autoplay; clipboard-write; encrypted-media; gyroscope; picture-in-picture; web-share\" referrerpolicy=\"strict-origin-when-cross-origin\" allowfullscreen><\/iframe><\/p>\n<h4>As principais figuras do pres\u00e9pio s\u00e3o:<\/h4>\n<ul>\n<li><strong>Nossa Senhora<\/strong>: M\u00e3e de Jesus. Aquela que disse o seu \u2018sim\u2019 \u00e0 vontade de Deus, e por ela a humanidade recebeu Jesus.<\/li>\n<li><strong>S\u00e3o Jos\u00e9<\/strong>: Pai adotivo. \u00c9 o homem que o assumiu como filho, que lhe deu um nome, um lar, que ensinou a Jesus uma profiss\u00e3o: a de carpinteiro.<\/li>\n<li><strong>Menino Jesus<\/strong>: \u00c9 o Filho de Deus que se fez homem, para dar sua vida pela humanidade.<\/li>\n<li><strong>O Anjo<\/strong>: \u00c9 o mensageiro de Deus, comunicador da Boa Not\u00edcia.<\/li>\n<li><strong>Os Pastores<\/strong>: Simbolizam a humildade e os pobres, que enxergam no menino Jesus a esperan\u00e7a do reino de Deus.<\/li>\n<li><strong>Os animais<\/strong>: simbolizam a humildade, pois naquele tempo a profiss\u00e3o de pastor era uma das menos reconhecidas.<\/li>\n<li><strong>Estrela<\/strong>: Simboliza a luz de Deus que guia ao encontro do Salvador.<\/li>\n<li><strong>Reis Magos<\/strong>: Belchior, Gaspar e Baltazar eram homens da ci\u00eancia. Eles representam a ci\u00eancia que vai at\u00e9 o Salvador e o reconhece como Deus.<\/li>\n<li><strong>Ouro, incenso e mirra<\/strong>: O ouro significa a realeza; era um presente dados aos reis. O incenso significa a divindade, um presente dado aos sacerdotes. Sua fuma\u00e7a simboliza as ora\u00e7\u00f5es que sobem ao c\u00e9u. E a mirra simboliza o sofrimento e a eternidade.<\/li>\n<\/ul>\n<p>&nbsp;<\/p>\n<p style=\"text-align: right\">Que cada um de n\u00f3s possa preparar o cora\u00e7\u00e3o e a alma para receber o nascimento do menino Deus em nossas vidas! Maranatha! Vem Senhor Jesus!<\/p>\n<p style=\"text-align: right\">Departamento Infanto Juvenil<\/p>\n<p style=\"text-align: right\"><a href=\"https:\/\/www.instagram.com\/cancaonovakids\/?hl=pt-br\">Can\u00e7\u00e3o Nova Kids.<\/a><\/p>\n","protected":false},"excerpt":{"rendered":"<p>O primeiro pres\u00e9pio do mundo foi criado na It\u00e1lia em 1223. E foi criado por S\u00e3o Francisco de Assis, em uma gruta na cidade de Greccio que queria que as pessoas compreendessem melhor o nascimento de Jesus. <a href=\"https:\/\/blog.cancaonova.com\/paisecatequistas\/novena-de-natal-para-criancas-4o-dia-da-me-senhor-um-coracao-puro\/\">Continue lendo <span class=\"meta-nav\">&rarr;<\/span><\/a><\/p>\n","protected":false},"author":4414,"featured_media":12933,"comment_status":"open","ping_status":"open","sticky":false,"template":"","format":"standard","meta":{"_mi_skip_tracking":false,"_monsterinsights_sitenote_active":false,"_monsterinsights_sitenote_note":"","_monsterinsights_sitenote_category":0,"footnotes":""},"categories":[16089,34,200710,15521,16851,31],"tags":[24461,35737,30501,16442,200622,9931,200854,200870,200851,203182,202826,8911,200651,18662,42993,17119,38,200650,200648,200641,36040,200680,200665,200626,192610,203298,25951,2691,200701,202456,45592,34,192590,204443,114312,5011,18310,16595,102917,23252,16437,120571,991,15521,203638,26984,36379,200666,13461,8001,15792,8631,200722,17604,27131,55809,5721,711,3671,41132,7671,40,104100,15401,19784,51,22818,48,17101,231,22774,200653,16136,133221,83,8081,31,451,20156,28498,12951,26921,26986,261,16666,200709,192567,13031,193693,200859,381,41430,16908,33583,17269,202119,19175,24284,17350,21278,7761,271,200869,200868,102779,20206,10241,200647,200652,17104,26609,4251,3691,39,15501,13571,19387,2031,141],"_links":{"self":[{"href":"https:\/\/blog.cancaonova.com\/paisecatequistas\/wp-json\/wp\/v2\/posts\/10840"}],"collection":[{"href":"https:\/\/blog.cancaonova.com\/paisecatequistas\/wp-json\/wp\/v2\/posts"}],"about":[{"href":"https:\/\/blog.cancaonova.com\/paisecatequistas\/wp-json\/wp\/v2\/types\/post"}],"author":[{"embeddable":true,"href":"https:\/\/blog.cancaonova.com\/paisecatequistas\/wp-json\/wp\/v2\/users\/4414"}],"replies":[{"embeddable":true,"href":"https:\/\/blog.cancaonova.com\/paisecatequistas\/wp-json\/wp\/v2\/comments?post=10840"}],"version-history":[{"count":4,"href":"https:\/\/blog.cancaonova.com\/paisecatequistas\/wp-json\/wp\/v2\/posts\/10840\/revisions"}],"predecessor-version":[{"id":11103,"href":"https:\/\/blog.cancaonova.com\/paisecatequistas\/wp-json\/wp\/v2\/posts\/10840\/revisions\/11103"}],"wp:featuredmedia":[{"embeddable":true,"href":"https:\/\/blog.cancaonova.com\/paisecatequistas\/wp-json\/wp\/v2\/media\/12933"}],"wp:attachment":[{"href":"https:\/\/blog.cancaonova.com\/paisecatequistas\/wp-json\/wp\/v2\/media?parent=10840"}],"wp:term":[{"taxonomy":"category","embeddable":true,"href":"https:\/\/blog.cancaonova.com\/paisecatequistas\/wp-json\/wp\/v2\/categories?post=10840"},{"taxonomy":"post_tag","embeddable":true,"href":"https:\/\/blog.cancaonova.com\/paisecatequistas\/wp-json\/wp\/v2\/tags?post=10840"}],"curies":[{"name":"wp","href":"https:\/\/api.w.org\/{rel}","templated":true}]}}