{"id":10842,"date":"2021-12-20T00:00:00","date_gmt":"2021-12-20T02:00:00","guid":{"rendered":"http:\/\/blog.cancaonova.com\/paisecatequistas\/?p=10842"},"modified":"2021-12-15T16:46:19","modified_gmt":"2021-12-15T18:46:19","slug":"novena-de-natal-para-criancas-5o-dia-o-sim-que-mudou-o-mundo","status":"publish","type":"post","link":"https:\/\/blog.cancaonova.com\/paisecatequistas\/novena-de-natal-para-criancas-5o-dia-o-sim-que-mudou-o-mundo\/","title":{"rendered":"Novena de Natal para crian\u00e7as - 5\u00ba Dia - O sim que mudou o mundo!"},"content":{"rendered":"<h4>&#8220;Fa\u00e7a-se em mim a vontade de Deus!&#8221;<\/h4>\n<p>Novena de Natal para crian\u00e7as &#8211; 5\u00ba Dia &#8211; O sim que mudou o mundo!<\/p>\n<p>Com o SIM de Maria \u00e0 vontade de Deus, a hist\u00f3ria da humanidade mudou!<\/p>\n<p>Acho que Maria n\u00e3o fazia ideia da dimens\u00e3o total deste abandono nas M\u00e3os de Deus.<\/p>\n<p>Mas ela era uma mulher de ora\u00e7\u00e3o e aceitou a vontade de Deus em sua vida!<\/p>\n<p><img loading=\"lazy\" decoding=\"async\" class=\"aligncenter size-full wp-image-11037\" src=\"http:\/\/blog.cancaonova.com\/paisecatequistas\/files\/2020\/12\/5-Dia-da-Novena-1-1.jpg\" alt=\"\" width=\"1200\" height=\"1000\" srcset=\"https:\/\/blog.cancaonova.com\/paisecatequistas\/files\/2020\/12\/5-Dia-da-Novena-1-1.jpg 1200w, https:\/\/blog.cancaonova.com\/paisecatequistas\/files\/2020\/12\/5-Dia-da-Novena-1-1-300x250.jpg 300w, https:\/\/blog.cancaonova.com\/paisecatequistas\/files\/2020\/12\/5-Dia-da-Novena-1-1-768x640.jpg 768w\" sizes=\"(max-width: 1200px) 100vw, 1200px\" \/><\/p>\n<p>Voc\u00ea tem uma imagem de Nossa Senhora a\u00ed na sua casa? Se n\u00e3o tiver, pe\u00e7a para um adulto providenciar para voc\u00ea.<\/p>\n<p>Uma imagem de um santo de devo\u00e7\u00e3o em casa \u00e9 como uma foto de algu\u00e9m que a gente ama, quer sempre lembrar e estar perto afetivamente.<\/p>\n<p>E ter uma imagem da M\u00e3ezinha do C\u00e9u, desta mulher que disse sim \u00e0 vontade de Deus, \u00e9 muito legal!<\/p>\n<p>O Janj\u00e3o conta neste v\u00eddeo, tudo como aconteceu este sim de Nossa Senhora, que foi a primeira catequista, o Sacr\u00e1rio Vivo do Verbo que se fez carne!<\/p>\n<p><iframe loading=\"lazy\" title=\"Desenho Animado - Janj\u00c3\u00a3o I  - O Anuncio do Anjo\" width=\"600\" height=\"450\" src=\"https:\/\/www.youtube.com\/embed\/waCXexgvb0U?feature=oembed&amp;rel=0\" frameborder=\"0\" allow=\"accelerometer; autoplay; clipboard-write; encrypted-media; gyroscope; picture-in-picture; web-share\" referrerpolicy=\"strict-origin-when-cross-origin\" allowfullscreen><\/iframe><\/p>\n<p style=\"text-align: right\">M\u00e3ezinha do C\u00e9u, nos ensine \u00e0 corresponder positivamente a vontade de Deus em nossas vidas, porque a vontade de Deus \u00e9 sempre mais legal e \u00e9 sempre a melhor op\u00e7\u00e3o!<\/p>\n<p style=\"text-align: right\">Maranatha! Vem Senhor Jesus!<\/p>\n<p style=\"text-align: right\">Departamento Infanto Juvenil<\/p>\n<p style=\"text-align: right\"><a href=\"https:\/\/www.instagram.com\/cancaonovakids\/?hl=pt-br\">Can\u00e7\u00e3o Nova Kids.<\/a><\/p>\n<p>&nbsp;<\/p>\n<p>&nbsp;<\/p>\n<p>&nbsp;<\/p>\n<p>&nbsp;<\/p>\n<p>&nbsp;<\/p>\n","protected":false},"excerpt":{"rendered":"<p>Voc\u00ea tem uma imagem de Nossa Senhora a\u00ed na sua casa? Se n\u00e3o tiver, pe\u00e7a para um adulto providenciar para voc\u00ea, porque a aventura deste dia da novena est\u00e1 muito legal! Entra aqui no Blog Pais e Catequistas, reze conosco e compartilhe! <a href=\"https:\/\/blog.cancaonova.com\/paisecatequistas\/novena-de-natal-para-criancas-5o-dia-o-sim-que-mudou-o-mundo\/\">Continue lendo <span class=\"meta-nav\">&rarr;<\/span><\/a><\/p>\n","protected":false},"author":4414,"featured_media":12934,"comment_status":"open","ping_status":"open","sticky":false,"template":"","format":"standard","meta":{"_mi_skip_tracking":false,"_monsterinsights_sitenote_active":false,"_monsterinsights_sitenote_note":"","_monsterinsights_sitenote_category":0,"footnotes":""},"categories":[16089,34,200710,15521,15975,5721,16851,14931,31],"tags":[200854,203182,8911,18662,42993,17119,38,200650,200648,200641,36040,200680,200665,200626,25951,202456,45592,34,192590,204443,114312,5011,18310,991,15521,203638,26984,8001,15792,17604,27131,41132,7671,40,104100,31,12951,26921,26986,261,192567,200859,41430,16908,33583,17350,7761,271,200869,200868,10241,200647,200652,17104,26609,4251,3691,39],"_links":{"self":[{"href":"https:\/\/blog.cancaonova.com\/paisecatequistas\/wp-json\/wp\/v2\/posts\/10842"}],"collection":[{"href":"https:\/\/blog.cancaonova.com\/paisecatequistas\/wp-json\/wp\/v2\/posts"}],"about":[{"href":"https:\/\/blog.cancaonova.com\/paisecatequistas\/wp-json\/wp\/v2\/types\/post"}],"author":[{"embeddable":true,"href":"https:\/\/blog.cancaonova.com\/paisecatequistas\/wp-json\/wp\/v2\/users\/4414"}],"replies":[{"embeddable":true,"href":"https:\/\/blog.cancaonova.com\/paisecatequistas\/wp-json\/wp\/v2\/comments?post=10842"}],"version-history":[{"count":3,"href":"https:\/\/blog.cancaonova.com\/paisecatequistas\/wp-json\/wp\/v2\/posts\/10842\/revisions"}],"predecessor-version":[{"id":11112,"href":"https:\/\/blog.cancaonova.com\/paisecatequistas\/wp-json\/wp\/v2\/posts\/10842\/revisions\/11112"}],"wp:featuredmedia":[{"embeddable":true,"href":"https:\/\/blog.cancaonova.com\/paisecatequistas\/wp-json\/wp\/v2\/media\/12934"}],"wp:attachment":[{"href":"https:\/\/blog.cancaonova.com\/paisecatequistas\/wp-json\/wp\/v2\/media?parent=10842"}],"wp:term":[{"taxonomy":"category","embeddable":true,"href":"https:\/\/blog.cancaonova.com\/paisecatequistas\/wp-json\/wp\/v2\/categories?post=10842"},{"taxonomy":"post_tag","embeddable":true,"href":"https:\/\/blog.cancaonova.com\/paisecatequistas\/wp-json\/wp\/v2\/tags?post=10842"}],"curies":[{"name":"wp","href":"https:\/\/api.w.org\/{rel}","templated":true}]}}