{"id":10846,"date":"2021-12-22T00:00:57","date_gmt":"2021-12-22T02:00:57","guid":{"rendered":"http:\/\/blog.cancaonova.com\/paisecatequistas\/?p=10846"},"modified":"2021-12-15T16:44:39","modified_gmt":"2021-12-15T18:44:39","slug":"novena-de-natal-para-criancas-7o-diajesus-vem-morar-conosco","status":"publish","type":"post","link":"https:\/\/blog.cancaonova.com\/paisecatequistas\/novena-de-natal-para-criancas-7o-diajesus-vem-morar-conosco\/","title":{"rendered":"Novena de Natal para crian\u00e7as - 7\u00ba Dia - Jesus vem morar conosco."},"content":{"rendered":"<h4>Chegamos ao s\u00e9timo dia da novena de Natal para crian\u00e7as!!! Uhuuuuu!!! Que legal!<\/h4>\n<p>S\u00e9timo dia da Novena de Natal para crian\u00e7as &#8211;\u00a0Jesus vem morar conosco.<\/p>\n<p><img loading=\"lazy\" decoding=\"async\" class=\"aligncenter size-full wp-image-11034\" src=\"http:\/\/blog.cancaonova.com\/paisecatequistas\/files\/2020\/12\/7-Dia-da-Novena-1.jpg\" alt=\"\" width=\"1200\" height=\"1000\" srcset=\"https:\/\/blog.cancaonova.com\/paisecatequistas\/files\/2020\/12\/7-Dia-da-Novena-1.jpg 1200w, https:\/\/blog.cancaonova.com\/paisecatequistas\/files\/2020\/12\/7-Dia-da-Novena-1-300x250.jpg 300w, https:\/\/blog.cancaonova.com\/paisecatequistas\/files\/2020\/12\/7-Dia-da-Novena-1-768x640.jpg 768w\" sizes=\"(max-width: 1200px) 100vw, 1200px\" \/><\/p>\n<p>Visitar um doente faz parte das Obras de Miseric\u00f3rdia. E voc\u00ea sabe o que \u00e9 isso?<\/p>\n<p><img loading=\"lazy\" decoding=\"async\" class=\"aligncenter size-full wp-image-11133\" src=\"http:\/\/blog.cancaonova.com\/paisecatequistas\/files\/2020\/12\/corpo-1100-x-600-23.jpg\" alt=\"\" width=\"1100\" height=\"600\" srcset=\"https:\/\/blog.cancaonova.com\/paisecatequistas\/files\/2020\/12\/corpo-1100-x-600-23.jpg 1100w, https:\/\/blog.cancaonova.com\/paisecatequistas\/files\/2020\/12\/corpo-1100-x-600-23-300x164.jpg 300w, https:\/\/blog.cancaonova.com\/paisecatequistas\/files\/2020\/12\/corpo-1100-x-600-23-768x419.jpg 768w\" sizes=\"(max-width: 1100px) 100vw, 1100px\" \/><\/p>\n<p>A turma do Jonas vai explicar:<\/p>\n<p><img loading=\"lazy\" decoding=\"async\" class=\"aligncenter size-full wp-image-11134\" src=\"http:\/\/blog.cancaonova.com\/paisecatequistas\/files\/2020\/12\/corpo-1100-x-600-22.jpg\" alt=\"\" width=\"1100\" height=\"600\" srcset=\"https:\/\/blog.cancaonova.com\/paisecatequistas\/files\/2020\/12\/corpo-1100-x-600-22.jpg 1100w, https:\/\/blog.cancaonova.com\/paisecatequistas\/files\/2020\/12\/corpo-1100-x-600-22-300x164.jpg 300w, https:\/\/blog.cancaonova.com\/paisecatequistas\/files\/2020\/12\/corpo-1100-x-600-22-768x419.jpg 768w\" sizes=\"(max-width: 1100px) 100vw, 1100px\" \/><\/p>\n<p>Se voc\u00ea n\u00e3o puder ir visitar um doente por conta do cen\u00e1rio que estamos vivendo de pandemia, fa\u00e7a uma liga\u00e7\u00e3o de voz ou de v\u00eddeo, mas se fa\u00e7a presente na vida desta pessoa no dia de hoje.<\/p>\n<p>N\u00e3o somente a pessoa doente ser\u00e1 beneficiada como voc\u00ea tamb\u00e9m ser\u00e1!<\/p>\n<p>Te garanto que vai experimentar uma alegria profunda pois o pr\u00f3prio Jesus disse que h\u00e1 mais alegria em dar do que em receber!<\/p>\n<p>Vamos assistir este epis\u00f3dio do Cantinho da Crian\u00e7a e ver como a turminha fez para visitar um doente:<\/p>\n<p><iframe loading=\"lazy\" title=\"Programa Cantinho da Crian\u00c3\u00a7a - T\u00c3\u00b4 doente\" width=\"600\" height=\"338\" src=\"https:\/\/www.youtube.com\/embed\/PyZTgEDB07M?feature=oembed&amp;rel=0\" frameborder=\"0\" allow=\"accelerometer; autoplay; clipboard-write; encrypted-media; gyroscope; picture-in-picture; web-share\" referrerpolicy=\"strict-origin-when-cross-origin\" allowfullscreen><\/iframe><\/p>\n<p style=\"text-align: right\">Que Jesus more em nossos cora\u00e7\u00f5es a ponto de sermos presen\u00e7a dele onde quer que a gente v\u00e1, em especial, que sejamos presen\u00e7a de Jesus para os doentes que iremos visitar!<\/p>\n<p style=\"text-align: right\">Maranatha! Vem Senhor Jesus!<\/p>\n<p style=\"text-align: right\">Departamento Infanto Juvenil<\/p>\n<p style=\"text-align: right\"><a href=\"https:\/\/www.instagram.com\/cancaonovakids\/?hl=pt-br\">Can\u00e7\u00e3o Nova Kids<\/a><\/p>\n","protected":false},"excerpt":{"rendered":"<p>Vamos visitar um doente no dia hoje! Se voc\u00ea n\u00e3o puder ir visitar por conta do cen\u00e1rio que estamos vivendo de pandemia, fa\u00e7a uma liga\u00e7\u00e3o de voz ou de v\u00eddeo, mas se fa\u00e7a presente na vida desta pessoa no dia de hoje. <a href=\"https:\/\/blog.cancaonova.com\/paisecatequistas\/novena-de-natal-para-criancas-7o-diajesus-vem-morar-conosco\/\">Continue lendo <span class=\"meta-nav\">&rarr;<\/span><\/a><\/p>\n","protected":false},"author":4414,"featured_media":12936,"comment_status":"open","ping_status":"open","sticky":false,"template":"","format":"standard","meta":{"_mi_skip_tracking":false,"_monsterinsights_sitenote_active":false,"_monsterinsights_sitenote_note":"","_monsterinsights_sitenote_category":0,"footnotes":""},"categories":[16089,34,200710,15521,31],"tags":[200851,203182,38,192590,204443,114312,5011,18310,16595,15521,203638,26984,36379,15792,8631,17604,27131,711,41132,7671,40,104100,15401,51,22818,48,17101,231,31,12951,26921,26986,261,200709,192567,41430,16908,33583,17350,10241,200647,200652,17104,26609,4251,3691,39,15501,13571,19387,2031,141],"_links":{"self":[{"href":"https:\/\/blog.cancaonova.com\/paisecatequistas\/wp-json\/wp\/v2\/posts\/10846"}],"collection":[{"href":"https:\/\/blog.cancaonova.com\/paisecatequistas\/wp-json\/wp\/v2\/posts"}],"about":[{"href":"https:\/\/blog.cancaonova.com\/paisecatequistas\/wp-json\/wp\/v2\/types\/post"}],"author":[{"embeddable":true,"href":"https:\/\/blog.cancaonova.com\/paisecatequistas\/wp-json\/wp\/v2\/users\/4414"}],"replies":[{"embeddable":true,"href":"https:\/\/blog.cancaonova.com\/paisecatequistas\/wp-json\/wp\/v2\/comments?post=10846"}],"version-history":[{"count":3,"href":"https:\/\/blog.cancaonova.com\/paisecatequistas\/wp-json\/wp\/v2\/posts\/10846\/revisions"}],"predecessor-version":[{"id":11135,"href":"https:\/\/blog.cancaonova.com\/paisecatequistas\/wp-json\/wp\/v2\/posts\/10846\/revisions\/11135"}],"wp:featuredmedia":[{"embeddable":true,"href":"https:\/\/blog.cancaonova.com\/paisecatequistas\/wp-json\/wp\/v2\/media\/12936"}],"wp:attachment":[{"href":"https:\/\/blog.cancaonova.com\/paisecatequistas\/wp-json\/wp\/v2\/media?parent=10846"}],"wp:term":[{"taxonomy":"category","embeddable":true,"href":"https:\/\/blog.cancaonova.com\/paisecatequistas\/wp-json\/wp\/v2\/categories?post=10846"},{"taxonomy":"post_tag","embeddable":true,"href":"https:\/\/blog.cancaonova.com\/paisecatequistas\/wp-json\/wp\/v2\/tags?post=10846"}],"curies":[{"name":"wp","href":"https:\/\/api.w.org\/{rel}","templated":true}]}}