{"id":10848,"date":"2021-12-23T00:00:17","date_gmt":"2021-12-23T02:00:17","guid":{"rendered":"http:\/\/blog.cancaonova.com\/paisecatequistas\/?p=10848"},"modified":"2021-12-15T16:45:43","modified_gmt":"2021-12-15T18:45:43","slug":"novena-de-natal-para-criancas-8o-dia-quem-inventou-o-presepio","status":"publish","type":"post","link":"https:\/\/blog.cancaonova.com\/paisecatequistas\/novena-de-natal-para-criancas-8o-dia-quem-inventou-o-presepio\/","title":{"rendered":"Novena de Natal para crian\u00e7as - 8\u00ba Dia - Quem inventou o pres\u00e9pio?"},"content":{"rendered":"<h4>Oitavo dia da Novena de Natal para Crian\u00e7as!<\/h4>\n<p>Est\u00e1 chegando o anivers\u00e1rio de Jesus!!! Vivaaaaaa!!!<\/p>\n<p>Mas voc\u00ea sabe quem inventou o primeiro pres\u00e9pio?<\/p>\n<p><img loading=\"lazy\" decoding=\"async\" class=\"aligncenter size-full wp-image-11033\" src=\"http:\/\/blog.cancaonova.com\/paisecatequistas\/files\/2020\/12\/8-Dia-da-Novena-1.jpg\" alt=\"\" width=\"1200\" height=\"1000\" srcset=\"https:\/\/blog.cancaonova.com\/paisecatequistas\/files\/2020\/12\/8-Dia-da-Novena-1.jpg 1200w, https:\/\/blog.cancaonova.com\/paisecatequistas\/files\/2020\/12\/8-Dia-da-Novena-1-300x250.jpg 300w, https:\/\/blog.cancaonova.com\/paisecatequistas\/files\/2020\/12\/8-Dia-da-Novena-1-768x640.jpg 768w\" sizes=\"(max-width: 1200px) 100vw, 1200px\" \/><\/p>\n<p>Olha que legal, o Jonas vai nos contar quem fez o primeiro pres\u00e9pio:<\/p>\n<p><img loading=\"lazy\" decoding=\"async\" class=\"aligncenter size-full wp-image-11136\" src=\"http:\/\/blog.cancaonova.com\/paisecatequistas\/files\/2020\/12\/presepio-sao-francisco.jpg\" alt=\"\" width=\"733\" height=\"603\" srcset=\"https:\/\/blog.cancaonova.com\/paisecatequistas\/files\/2020\/12\/presepio-sao-francisco.jpg 733w, https:\/\/blog.cancaonova.com\/paisecatequistas\/files\/2020\/12\/presepio-sao-francisco-300x247.jpg 300w\" sizes=\"(max-width: 733px) 100vw, 733px\" \/><\/p>\n<p>E a Tia Adelita vai ajudar ainda mais nesta pesquisa, contanto direitinho como tudo surgiu:<\/p>\n<p><iframe loading=\"lazy\" title=\"Amigos do c\u00c3\u00a9u - Pres\u00c3\u00a9pio de S\u00c3\u00a3o Francisco de Assis\" width=\"600\" height=\"450\" src=\"https:\/\/www.youtube.com\/embed\/GMPPb7487ag?feature=oembed&amp;rel=0\" frameborder=\"0\" allow=\"accelerometer; autoplay; clipboard-write; encrypted-media; gyroscope; picture-in-picture; web-share\" referrerpolicy=\"strict-origin-when-cross-origin\" allowfullscreen><\/iframe><\/p>\n<p style=\"text-align: right\">Maranatha! Vem Senhor Jesus!<\/p>\n<p style=\"text-align: right\">Departamento Infanto Juvenil<\/p>\n<p style=\"text-align: right\"><a href=\"https:\/\/www.instagram.com\/cancaonovakids\/?hl=pt-br\">Can\u00e7\u00e3o Nova Kids<\/a><\/p>\n","protected":false},"excerpt":{"rendered":"<p>Neste oitavo dia da Novena de Natal para crian\u00e7as, a aventura \u00e9 pesquisar quem inventou o primeiro pres\u00e9pio. Voc\u00ea sabe? Confere esta mat\u00e9ria que est\u00e1 super legal! <a href=\"https:\/\/blog.cancaonova.com\/paisecatequistas\/novena-de-natal-para-criancas-8o-dia-quem-inventou-o-presepio\/\">Continue lendo <span class=\"meta-nav\">&rarr;<\/span><\/a><\/p>\n","protected":false},"author":4414,"featured_media":12937,"comment_status":"open","ping_status":"open","sticky":false,"template":"","format":"standard","meta":{"_mi_skip_tracking":false,"_monsterinsights_sitenote_active":false,"_monsterinsights_sitenote_note":"","_monsterinsights_sitenote_category":0,"footnotes":""},"categories":[16089,34,200710,15521,31],"tags":[24461,35737,30501,16442,200622,9931,200854,200870,200851,203182,202826,8911,18662,202456,45592,34,192590,204443,114312,5011,18310,16595,102917,23252,16437,120571,991,15521,203638,26984,8001,15792,8631,17604,27131,55809,5721,711,3671,41132,7671,40,104100,15401,51,22818,48,17101,231,133221,83,8081,31,451,12951,26921,26986,261,16666,200709,192567,200859,381,41430,16908,33583,17350,21278,7761,271,200869,200868,10241,200647,200652,17104,26609,4251,3691,39,15501,13571,19387,2031,141],"_links":{"self":[{"href":"https:\/\/blog.cancaonova.com\/paisecatequistas\/wp-json\/wp\/v2\/posts\/10848"}],"collection":[{"href":"https:\/\/blog.cancaonova.com\/paisecatequistas\/wp-json\/wp\/v2\/posts"}],"about":[{"href":"https:\/\/blog.cancaonova.com\/paisecatequistas\/wp-json\/wp\/v2\/types\/post"}],"author":[{"embeddable":true,"href":"https:\/\/blog.cancaonova.com\/paisecatequistas\/wp-json\/wp\/v2\/users\/4414"}],"replies":[{"embeddable":true,"href":"https:\/\/blog.cancaonova.com\/paisecatequistas\/wp-json\/wp\/v2\/comments?post=10848"}],"version-history":[{"count":4,"href":"https:\/\/blog.cancaonova.com\/paisecatequistas\/wp-json\/wp\/v2\/posts\/10848\/revisions"}],"predecessor-version":[{"id":11138,"href":"https:\/\/blog.cancaonova.com\/paisecatequistas\/wp-json\/wp\/v2\/posts\/10848\/revisions\/11138"}],"wp:featuredmedia":[{"embeddable":true,"href":"https:\/\/blog.cancaonova.com\/paisecatequistas\/wp-json\/wp\/v2\/media\/12937"}],"wp:attachment":[{"href":"https:\/\/blog.cancaonova.com\/paisecatequistas\/wp-json\/wp\/v2\/media?parent=10848"}],"wp:term":[{"taxonomy":"category","embeddable":true,"href":"https:\/\/blog.cancaonova.com\/paisecatequistas\/wp-json\/wp\/v2\/categories?post=10848"},{"taxonomy":"post_tag","embeddable":true,"href":"https:\/\/blog.cancaonova.com\/paisecatequistas\/wp-json\/wp\/v2\/tags?post=10848"}],"curies":[{"name":"wp","href":"https:\/\/api.w.org\/{rel}","templated":true}]}}