{"id":10851,"date":"2021-12-24T00:00:52","date_gmt":"2021-12-24T02:00:52","guid":{"rendered":"http:\/\/blog.cancaonova.com\/paisecatequistas\/?p=10851"},"modified":"2021-12-15T16:45:07","modified_gmt":"2021-12-15T18:45:07","slug":"novena-de-natal-para-criancas-9o-dia-nasceu-o-salvador","status":"publish","type":"post","link":"https:\/\/blog.cancaonova.com\/paisecatequistas\/novena-de-natal-para-criancas-9o-dia-nasceu-o-salvador\/","title":{"rendered":"Novena de Natal para crian\u00e7as - 9\u00ba Dia - Nasceu o Salvador!"},"content":{"rendered":"<h4>15Jesus menino nasceu! E o que voc\u00ea vai dar de presente ao aniversariante do dia?<\/h4>\n<p>Chegamos ao nono dia da Novena de Natal para crian\u00e7as! Nasceu o Salvador Jesus!<\/p>\n<p><img loading=\"lazy\" decoding=\"async\" class=\"aligncenter size-full wp-image-11030\" src=\"http:\/\/blog.cancaonova.com\/paisecatequistas\/files\/2020\/12\/9-Dia-da-Novena-1.jpg\" alt=\"\" width=\"1200\" height=\"1000\" srcset=\"https:\/\/blog.cancaonova.com\/paisecatequistas\/files\/2020\/12\/9-Dia-da-Novena-1.jpg 1200w, https:\/\/blog.cancaonova.com\/paisecatequistas\/files\/2020\/12\/9-Dia-da-Novena-1-300x250.jpg 300w, https:\/\/blog.cancaonova.com\/paisecatequistas\/files\/2020\/12\/9-Dia-da-Novena-1-768x640.jpg 768w\" sizes=\"(max-width: 1200px) 100vw, 1200px\" \/><\/p>\n<p>\u00c9 Natal no Cantinho da Crian\u00e7a tamb\u00e9m!!!! Vamos ver o que eles v\u00e3o dar de presente para Jesus, o aniversariante?<\/p>\n<p><iframe loading=\"lazy\" title=\"Cantinho da Crian\u00c3\u00a7a -  Tempo de Natal continua\u00c3\u00a7\u00c3\u00a3o\" width=\"600\" height=\"338\" src=\"https:\/\/www.youtube.com\/embed\/DelZWu8Raiw?feature=oembed&amp;rel=0\" frameborder=\"0\" allow=\"accelerometer; autoplay; clipboard-write; encrypted-media; gyroscope; picture-in-picture; web-share\" referrerpolicy=\"strict-origin-when-cross-origin\" allowfullscreen><\/iframe><\/p>\n<p>Mas, mesmo em meio a festa n\u00e3o podemos esquecer dos bons modos, hein?!!<\/p>\n<p>Podemos dar de presente de anivers\u00e1rio para Jesus o nosso amor, o nosso carinho, a nossa bondade, nossa obedi\u00eancia, e as boas maneiras na festa de Natal!<\/p>\n<p>A turminha do Jonas vai dar dicas bem legais para nos comportarmos como verdadeiros crist\u00e3os!<\/p>\n<p><img loading=\"lazy\" decoding=\"async\" class=\"aligncenter size-full wp-image-11129\" src=\"http:\/\/blog.cancaonova.com\/paisecatequistas\/files\/2020\/12\/corpo-1100-x-600-21.jpg\" alt=\"\" width=\"1100\" height=\"600\" srcset=\"https:\/\/blog.cancaonova.com\/paisecatequistas\/files\/2020\/12\/corpo-1100-x-600-21.jpg 1100w, https:\/\/blog.cancaonova.com\/paisecatequistas\/files\/2020\/12\/corpo-1100-x-600-21-300x164.jpg 300w, https:\/\/blog.cancaonova.com\/paisecatequistas\/files\/2020\/12\/corpo-1100-x-600-21-768x419.jpg 768w\" sizes=\"(max-width: 1100px) 100vw, 1100px\" \/><\/p>\n<p>\u00c9 Natal, \u00e9 festa Divina! \u00c9 Natal dos anjos do c\u00e9u! \u00c9 Natal \u00e9 noite cristalina! \u00c9 Natal dos filhos de Deus!<\/p>\n<p style=\"text-align: right\">Um Santo e Feliz Natal para voc\u00ea e para toda a sua fam\u00edlia!<\/p>\n<p style=\"text-align: right\">Departamento Infanto Juvenil<\/p>\n<p style=\"text-align: right\"><a href=\"https:\/\/www.instagram.com\/cancaonovakids\/?hl=pt-br\">Can\u00e7\u00e3o Nova Kids<\/a><\/p>\n<p>&nbsp;<\/p>\n<p>&nbsp;<\/p>\n","protected":false},"excerpt":{"rendered":"<p>\u00c9 Natal, \u00e9 festa Divina! \u00c9 Natal dos anjos do c\u00e9u! \u00c9 Natal \u00e9 noite cristalina! \u00c9 Natal dos filhos de Deus! <a href=\"https:\/\/blog.cancaonova.com\/paisecatequistas\/novena-de-natal-para-criancas-9o-dia-nasceu-o-salvador\/\">Continue lendo <span class=\"meta-nav\">&rarr;<\/span><\/a><\/p>\n","protected":false},"author":4414,"featured_media":12930,"comment_status":"open","ping_status":"open","sticky":false,"template":"","format":"standard","meta":{"_mi_skip_tracking":false,"_monsterinsights_sitenote_active":false,"_monsterinsights_sitenote_note":"","_monsterinsights_sitenote_category":0,"footnotes":""},"categories":[16089,200710,15521,221,48,31],"tags":[9931,200854,204443,114312,5011,18310,16595,991,15521,203638,26984,8001,15792,27131,7671,40,104100,231,31,12951,26921,26986,261,192567,41430,16908,200647,200652,26609,4251,3691,39,13571,19387,2031,141],"_links":{"self":[{"href":"https:\/\/blog.cancaonova.com\/paisecatequistas\/wp-json\/wp\/v2\/posts\/10851"}],"collection":[{"href":"https:\/\/blog.cancaonova.com\/paisecatequistas\/wp-json\/wp\/v2\/posts"}],"about":[{"href":"https:\/\/blog.cancaonova.com\/paisecatequistas\/wp-json\/wp\/v2\/types\/post"}],"author":[{"embeddable":true,"href":"https:\/\/blog.cancaonova.com\/paisecatequistas\/wp-json\/wp\/v2\/users\/4414"}],"replies":[{"embeddable":true,"href":"https:\/\/blog.cancaonova.com\/paisecatequistas\/wp-json\/wp\/v2\/comments?post=10851"}],"version-history":[{"count":8,"href":"https:\/\/blog.cancaonova.com\/paisecatequistas\/wp-json\/wp\/v2\/posts\/10851\/revisions"}],"predecessor-version":[{"id":12943,"href":"https:\/\/blog.cancaonova.com\/paisecatequistas\/wp-json\/wp\/v2\/posts\/10851\/revisions\/12943"}],"wp:featuredmedia":[{"embeddable":true,"href":"https:\/\/blog.cancaonova.com\/paisecatequistas\/wp-json\/wp\/v2\/media\/12930"}],"wp:attachment":[{"href":"https:\/\/blog.cancaonova.com\/paisecatequistas\/wp-json\/wp\/v2\/media?parent=10851"}],"wp:term":[{"taxonomy":"category","embeddable":true,"href":"https:\/\/blog.cancaonova.com\/paisecatequistas\/wp-json\/wp\/v2\/categories?post=10851"},{"taxonomy":"post_tag","embeddable":true,"href":"https:\/\/blog.cancaonova.com\/paisecatequistas\/wp-json\/wp\/v2\/tags?post=10851"}],"curies":[{"name":"wp","href":"https:\/\/api.w.org\/{rel}","templated":true}]}}