{"id":10876,"date":"2023-11-27T00:00:46","date_gmt":"2023-11-27T02:00:46","guid":{"rendered":"http:\/\/blog.cancaonova.com\/paisecatequistas\/?p=10876"},"modified":"2024-11-21T11:40:34","modified_gmt":"2024-11-21T13:40:34","slug":"nossa-senhora-das-gracas-e-da-medalha-milagrosa-rogai-por-nos","status":"publish","type":"post","link":"https:\/\/blog.cancaonova.com\/paisecatequistas\/nossa-senhora-das-gracas-e-da-medalha-milagrosa-rogai-por-nos\/","title":{"rendered":"Nossa Senhora das Gra\u00e7as e da Medalha Milagrosa"},"content":{"rendered":"<p>&#8220;Nossa Senhora das Gra\u00e7as e da Medalha Milagrosa, rogai por n\u00f3s!&#8221;<\/p>\n<p>Esta \u00e9 uma das maiores devo\u00e7\u00f5es a Nossa Senhora do mundo todo. Nossa Senhora \u00e9 M\u00e3e que quer derramar muitas b\u00ean\u00e7\u00e3os e muitas gra\u00e7as sobre todos n\u00f3s.<\/p>\n<p>Santa Catarina viu que muitos dos an\u00e9is dos dedos de Nossa Senhora n\u00e3o estavam saindo raios. Ela perguntou a Nossa Senhora o porqu\u00ea daqueles n\u00e3o soltarem raios. E Nossa Senhora das Gra\u00e7as respondeu \u00e0 Santa Catarina: &#8220;Estes an\u00e9is que n\u00e3o brilham s\u00e3o as gra\u00e7as que n\u00e3o me pedem!&#8221;.<\/p>\n<p><img loading=\"lazy\" decoding=\"async\" class=\"size-full wp-image-10877 alignnone\" src=\"http:\/\/blog.cancaonova.com\/paisecatequistas\/files\/2020\/11\/Design-sem-nome-6.jpg\" alt=\"\" width=\"1200\" height=\"600\" srcset=\"https:\/\/blog.cancaonova.com\/paisecatequistas\/files\/2020\/11\/Design-sem-nome-6.jpg 1200w, https:\/\/blog.cancaonova.com\/paisecatequistas\/files\/2020\/11\/Design-sem-nome-6-300x150.jpg 300w, https:\/\/blog.cancaonova.com\/paisecatequistas\/files\/2020\/11\/Design-sem-nome-6-768x384.jpg 768w, https:\/\/blog.cancaonova.com\/paisecatequistas\/files\/2020\/11\/Design-sem-nome-6-600x300.jpg 600w, https:\/\/blog.cancaonova.com\/paisecatequistas\/files\/2020\/11\/Design-sem-nome-6-150x75.jpg 150w\" sizes=\"(max-width: 1200px) 100vw, 1200px\" \/><\/p>\n<p>&nbsp;<\/p>\n<p>Ent\u00e3o, vamos pedir as gra\u00e7as que nos s\u00e3o necess\u00e1rias para a M\u00e3ezinha do C\u00e9u?<\/p>\n<p>A Bia do Clubinho do Jonas vai contar direitinho para n\u00f3s como aconteceu as apari\u00e7\u00f5es de Nossa Senhora a Santa Catarina.<\/p>\n<p><iframe loading=\"lazy\" title=\"Clubinho do Jonas - Medalha Milagrosa\" width=\"600\" height=\"338\" src=\"https:\/\/www.youtube.com\/embed\/aVf3ZoAi3iY?feature=oembed&amp;rel=0\" frameborder=\"0\" allow=\"accelerometer; autoplay; clipboard-write; encrypted-media; gyroscope; picture-in-picture; web-share\" referrerpolicy=\"strict-origin-when-cross-origin\" allowfullscreen><\/iframe><\/p>\n<p>Rezemos, agora, esta ora\u00e7\u00e3o para nos consagrar a Nossa Senhora das Gra\u00e7as!<\/p>\n<p><img loading=\"lazy\" decoding=\"async\" class=\"size-full wp-image-10880 alignnone\" src=\"http:\/\/blog.cancaonova.com\/paisecatequistas\/files\/2020\/11\/27-11-600x300.jpg\" alt=\"\" width=\"600\" height=\"300\" srcset=\"https:\/\/blog.cancaonova.com\/paisecatequistas\/files\/2020\/11\/27-11-600x300.jpg 600w, https:\/\/blog.cancaonova.com\/paisecatequistas\/files\/2020\/11\/27-11-600x300-300x150.jpg 300w, https:\/\/blog.cancaonova.com\/paisecatequistas\/files\/2020\/11\/27-11-600x300-150x75.jpg 150w\" sizes=\"(max-width: 600px) 100vw, 600px\" \/><\/p>\n<p><a href=\"http:\/\/blog.cancaonova.com\/paisecatequistas\/files\/2023\/11\/santa-cec\u00edlia-1.pdf\"><img loading=\"lazy\" decoding=\"async\" class=\" wp-image-15946 alignnone\" src=\"http:\/\/blog.cancaonova.com\/paisecatequistas\/files\/2021\/11\/santa-cec\u00edlia.jpg\" alt=\"\" width=\"913\" height=\"1291\" srcset=\"https:\/\/blog.cancaonova.com\/paisecatequistas\/files\/2021\/11\/santa-cec\u00edlia.jpg 1414w, https:\/\/blog.cancaonova.com\/paisecatequistas\/files\/2021\/11\/santa-cec\u00edlia-212x300.jpg 212w, https:\/\/blog.cancaonova.com\/paisecatequistas\/files\/2021\/11\/santa-cec\u00edlia-768x1086.jpg 768w\" sizes=\"(max-width: 913px) 100vw, 913px\" \/><\/a><\/p>\n<p>&nbsp;<\/p>\n<p>&nbsp;<\/p>\n<p style=\"text-align: right\">\u00d3 Maria concebida sem pecado, rogai por n\u00f3s que recorremos a V\u00f3s!<\/p>\n<p style=\"text-align: right\">Departamento Infantojuvenil<\/p>\n<p style=\"text-align: right\"><a href=\"https:\/\/www.instagram.com\/cancaonovakids\/\">Can\u00e7\u00e3o Nova Kids<\/a><\/p>\n","protected":false},"excerpt":{"rendered":"<p>Esta \u00e9 uma das maiores devo\u00e7\u00f5es a Nossa Senhora do mundo todo. Nossa Senhora \u00e9 m\u00e3e que quer derramar muitas b\u00ean\u00e7\u00e3os e muitas gra\u00e7as sobre todos n\u00f3s.  <a href=\"https:\/\/blog.cancaonova.com\/paisecatequistas\/nossa-senhora-das-gracas-e-da-medalha-milagrosa-rogai-por-nos\/\">Continue lendo <span class=\"meta-nav\">&rarr;<\/span><\/a><\/p>\n","protected":false},"author":4414,"featured_media":18232,"comment_status":"closed","ping_status":"closed","sticky":false,"template":"","format":"standard","meta":{"_mi_skip_tracking":false,"_monsterinsights_sitenote_active":false,"_monsterinsights_sitenote_note":"","_monsterinsights_sitenote_category":0,"footnotes":""},"categories":[16089,15521,102112,14931,451,261,271,15641],"tags":[16595,991,15521,201072,24984,25289,17350,24793],"_links":{"self":[{"href":"https:\/\/blog.cancaonova.com\/paisecatequistas\/wp-json\/wp\/v2\/posts\/10876"}],"collection":[{"href":"https:\/\/blog.cancaonova.com\/paisecatequistas\/wp-json\/wp\/v2\/posts"}],"about":[{"href":"https:\/\/blog.cancaonova.com\/paisecatequistas\/wp-json\/wp\/v2\/types\/post"}],"author":[{"embeddable":true,"href":"https:\/\/blog.cancaonova.com\/paisecatequistas\/wp-json\/wp\/v2\/users\/4414"}],"replies":[{"embeddable":true,"href":"https:\/\/blog.cancaonova.com\/paisecatequistas\/wp-json\/wp\/v2\/comments?post=10876"}],"version-history":[{"count":15,"href":"https:\/\/blog.cancaonova.com\/paisecatequistas\/wp-json\/wp\/v2\/posts\/10876\/revisions"}],"predecessor-version":[{"id":12801,"href":"https:\/\/blog.cancaonova.com\/paisecatequistas\/wp-json\/wp\/v2\/posts\/10876\/revisions\/12801"}],"wp:featuredmedia":[{"embeddable":true,"href":"https:\/\/blog.cancaonova.com\/paisecatequistas\/wp-json\/wp\/v2\/media\/18232"}],"wp:attachment":[{"href":"https:\/\/blog.cancaonova.com\/paisecatequistas\/wp-json\/wp\/v2\/media?parent=10876"}],"wp:term":[{"taxonomy":"category","embeddable":true,"href":"https:\/\/blog.cancaonova.com\/paisecatequistas\/wp-json\/wp\/v2\/categories?post=10876"},{"taxonomy":"post_tag","embeddable":true,"href":"https:\/\/blog.cancaonova.com\/paisecatequistas\/wp-json\/wp\/v2\/tags?post=10876"}],"curies":[{"name":"wp","href":"https:\/\/api.w.org\/{rel}","templated":true}]}}