{"id":10895,"date":"2020-12-07T10:32:41","date_gmt":"2020-12-07T12:32:41","guid":{"rendered":"http:\/\/blog.cancaonova.com\/paisecatequistas\/?p=10895"},"modified":"2020-12-07T10:35:35","modified_gmt":"2020-12-07T12:35:35","slug":"liturgia-2a-semana-do-advento-riqueza-da-fe-catolica-endireitai-o-caminho","status":"publish","type":"post","link":"https:\/\/blog.cancaonova.com\/paisecatequistas\/liturgia-2a-semana-do-advento-riqueza-da-fe-catolica-endireitai-o-caminho\/","title":{"rendered":"Liturgia - 2\u00aa Semana do Advento - riqueza da f\u00e9 Cat\u00f3lica - Endireitai o caminho"},"content":{"rendered":"<h4><span class=\"verse\">&#8220;<\/span><span class=\"text\">Esta \u00e9 a voz daquele que grita no deserto:\u00a0<\/span><span class=\"text\">&#8216;Preparai o caminho do Senhor,\u00a0<\/span><span class=\"text\">endireitai suas estradas!&#8221; Marcos 1, 3<\/span><\/h4>\n<p>Liturgia &#8211; 2\u00aa Semana do Advento &#8211; riqueza da f\u00e9 Cat\u00f3lica &#8211; Endireitai o caminho<\/p>\n<p>&#8220;O Cristianismo n\u00e3o \u00e9 s\u00f3 uma &#8216;religi\u00e3o de advento&#8217;, mas \u00e9 o pr\u00f3prio Advento.&#8221; Papa Francisco<\/p>\n<p><img loading=\"lazy\" decoding=\"async\" class=\"aligncenter size-full wp-image-10942\" src=\"http:\/\/blog.cancaonova.com\/paisecatequistas\/files\/2020\/12\/corpo-1100-x-600-13.jpg\" alt=\"\" width=\"1100\" height=\"600\" srcset=\"https:\/\/blog.cancaonova.com\/paisecatequistas\/files\/2020\/12\/corpo-1100-x-600-13.jpg 1100w, https:\/\/blog.cancaonova.com\/paisecatequistas\/files\/2020\/12\/corpo-1100-x-600-13-300x164.jpg 300w, https:\/\/blog.cancaonova.com\/paisecatequistas\/files\/2020\/12\/corpo-1100-x-600-13-768x419.jpg 768w\" sizes=\"(max-width: 1100px) 100vw, 1100px\" \/><\/p>\n<p>&nbsp;<\/p>\n<p>A mensagem de Jo\u00e3o, esta voz que grita no deserto, \u00e9 um apelo \u00e0 mudan\u00e7a de vida, para endireitar os nossos caminhos.<\/p>\n<h4><b>A voz que grita no deserto continua ecoando at\u00e9 hoje e, precisa ser ouvida.<\/b><\/h4>\n<p>E cada um de n\u00f3s batizados, \u00e9 convidado a proclamar esta mensagem e preparar os caminhos para a vinda do Senhor!<\/p>\n<p><img loading=\"lazy\" decoding=\"async\" class=\"aligncenter size-full wp-image-10939\" src=\"http:\/\/blog.cancaonova.com\/paisecatequistas\/files\/2020\/12\/corpo-1100-x-600-11.jpg\" alt=\"\" width=\"1100\" height=\"600\" srcset=\"https:\/\/blog.cancaonova.com\/paisecatequistas\/files\/2020\/12\/corpo-1100-x-600-11.jpg 1100w, https:\/\/blog.cancaonova.com\/paisecatequistas\/files\/2020\/12\/corpo-1100-x-600-11-300x164.jpg 300w, https:\/\/blog.cancaonova.com\/paisecatequistas\/files\/2020\/12\/corpo-1100-x-600-11-768x419.jpg 768w\" sizes=\"(max-width: 1100px) 100vw, 1100px\" \/><\/p>\n<p>Que este advento vivamos com toda alegria o tempo de espera!<\/p>\n<p>Tempo de prepara\u00e7\u00e3o e expectativa para a chegada de Jesus no Natal.<\/p>\n<p>Mas tamb\u00e9m que possamos preparar nossas almas para o encontro pessoal com Jesus, para a sua 2\u00aa vinda.<\/p>\n<p><img loading=\"lazy\" decoding=\"async\" class=\"aligncenter size-full wp-image-10945\" src=\"http:\/\/blog.cancaonova.com\/paisecatequistas\/files\/2020\/12\/600x600-corpo-5.jpg\" alt=\"\" width=\"600\" height=\"600\" srcset=\"https:\/\/blog.cancaonova.com\/paisecatequistas\/files\/2020\/12\/600x600-corpo-5.jpg 600w, https:\/\/blog.cancaonova.com\/paisecatequistas\/files\/2020\/12\/600x600-corpo-5-150x150.jpg 150w, https:\/\/blog.cancaonova.com\/paisecatequistas\/files\/2020\/12\/600x600-corpo-5-300x300.jpg 300w\" sizes=\"(max-width: 600px) 100vw, 600px\" \/><\/p>\n<p style=\"text-align: right\">Maranatha! Vem Senhor Jesus!<\/p>\n<p style=\"text-align: right\">Departamento Infanto Juvenil<\/p>\n<p style=\"text-align: right\"><a href=\"https:\/\/www.instagram.com\/cancaonovakids\/\">Can\u00e7\u00e3o Nova Kids\u00a0<\/a><\/p>\n<p>&nbsp;<\/p>\n","protected":false},"excerpt":{"rendered":"<p>Cada um de n\u00f3s batizados, \u00e9 convidado a proclamar a mensagem de Jo\u00e3o Batista e preparar os caminhos para a vinda do Senhor! A mensagem de Jo\u00e3o, esta voz que grita no deserto, \u00e9 um apelo \u00e0 mudan\u00e7a de vida: endireitai o caminho para vinda do Senhor! <a href=\"https:\/\/blog.cancaonova.com\/paisecatequistas\/liturgia-2a-semana-do-advento-riqueza-da-fe-catolica-endireitai-o-caminho\/\">Continue lendo <span class=\"meta-nav\">&rarr;<\/span><\/a><\/p>\n","protected":false},"author":4414,"featured_media":10896,"comment_status":"open","ping_status":"open","sticky":false,"template":"","format":"standard","meta":{"_mi_skip_tracking":false,"_monsterinsights_sitenote_active":false,"_monsterinsights_sitenote_note":"","_monsterinsights_sitenote_category":0,"footnotes":""},"categories":[16089,34,15521,17601,48],"tags":[24461,35737,30501,16442,200622,9931,200854,200870,200851,203182,202826,8911,200651,18662,42993,17119,38,200650,200648,200641,36040,200680,200665,200626,192610,203298,25951,2691,200701,202456,45592,34,192590,204443,114312,5011,18310,16595,102917,23252,16437,120571,991,15521,203638,26984,36379,200666,13461,8001,15792,8631,200722,17604,27131,55809,5721,711,3671,41132,7671,40,104100,15401,19784,51,22818,48,17101,231,22774,200653,16136,133221,83,8081,451,20156,28498,12951,261,16666,200709,192567,13031,193693,200859,381,41430,16908,33583,17269,202119,19175,24284,17350,21278,7761,271,200869,200868,102779,20206,10241,200647,200652,17104,26609,4251,3691,39,15501,13571,19387,2031,141],"_links":{"self":[{"href":"https:\/\/blog.cancaonova.com\/paisecatequistas\/wp-json\/wp\/v2\/posts\/10895"}],"collection":[{"href":"https:\/\/blog.cancaonova.com\/paisecatequistas\/wp-json\/wp\/v2\/posts"}],"about":[{"href":"https:\/\/blog.cancaonova.com\/paisecatequistas\/wp-json\/wp\/v2\/types\/post"}],"author":[{"embeddable":true,"href":"https:\/\/blog.cancaonova.com\/paisecatequistas\/wp-json\/wp\/v2\/users\/4414"}],"replies":[{"embeddable":true,"href":"https:\/\/blog.cancaonova.com\/paisecatequistas\/wp-json\/wp\/v2\/comments?post=10895"}],"version-history":[{"count":10,"href":"https:\/\/blog.cancaonova.com\/paisecatequistas\/wp-json\/wp\/v2\/posts\/10895\/revisions"}],"predecessor-version":[{"id":10954,"href":"https:\/\/blog.cancaonova.com\/paisecatequistas\/wp-json\/wp\/v2\/posts\/10895\/revisions\/10954"}],"wp:featuredmedia":[{"embeddable":true,"href":"https:\/\/blog.cancaonova.com\/paisecatequistas\/wp-json\/wp\/v2\/media\/10896"}],"wp:attachment":[{"href":"https:\/\/blog.cancaonova.com\/paisecatequistas\/wp-json\/wp\/v2\/media?parent=10895"}],"wp:term":[{"taxonomy":"category","embeddable":true,"href":"https:\/\/blog.cancaonova.com\/paisecatequistas\/wp-json\/wp\/v2\/categories?post=10895"},{"taxonomy":"post_tag","embeddable":true,"href":"https:\/\/blog.cancaonova.com\/paisecatequistas\/wp-json\/wp\/v2\/tags?post=10895"}],"curies":[{"name":"wp","href":"https:\/\/api.w.org\/{rel}","templated":true}]}}