{"id":10898,"date":"2020-12-14T11:53:32","date_gmt":"2020-12-14T13:53:32","guid":{"rendered":"http:\/\/blog.cancaonova.com\/paisecatequistas\/?p=10898"},"modified":"2020-12-14T11:53:32","modified_gmt":"2020-12-14T13:53:32","slug":"liturgia-3a-semana-do-advento-riqueza-da-fe-catolica-ele-vem","status":"publish","type":"post","link":"https:\/\/blog.cancaonova.com\/paisecatequistas\/liturgia-3a-semana-do-advento-riqueza-da-fe-catolica-ele-vem\/","title":{"rendered":"Liturgia - 3\u00aa Semana do Advento - riqueza da f\u00e9 Cat\u00f3lica - Ele vem!"},"content":{"rendered":"<h4><span class=\"JsGRdQ\">&#8220;Eu batizo com \u00e1gua; mas no meio de v\u00f3s est\u00e1 aquele que v\u00f3s n\u00e3o conheceis&#8221; Jo\u00e3o 1, 26<\/span><\/h4>\n<p>Liturgia &#8211; 3\u00aa Semana do Advento &#8211; riqueza da f\u00e9 Cat\u00f3lica &#8211; Ele vem!<\/p>\n<p>Chegamos ao domingo da alegria, quando o sacerdote deixa o paramento roxo e usa o rosa.<\/p>\n<p>1\u00aa Leitura:\u00a0Isa\u00edas 61, 1-2.10-11,<\/p>\n<p>Salmo: Lucas 1<\/p>\n<p>2\u00aa Leitura: I\u00a0Tessalonicenses 5, 16-24<\/p>\n<p>Evangelho:\u00a0Jo\u00e3o 1,6-8.19-28<\/p>\n<p>Domingo da Alegria porque Ele Vem! \u00c9 uma Alegria de quem est\u00e1 esperando algu\u00e9m muito amado chegar!<\/p>\n<p>A nossa maior alegria \u00e9 celebrar o nascimento de Jesus, porque sem Jesus n\u00e3o existe o Natal.<\/p>\n<p><iframe loading=\"lazy\" title=\"Programa Cantinho da Crian\u00c3\u00a7a - Sem Jesus nao existe Natal\" width=\"600\" height=\"338\" src=\"https:\/\/www.youtube.com\/embed\/mT31nkS5k4A?feature=oembed&amp;rel=0\" frameborder=\"0\" allow=\"accelerometer; autoplay; clipboard-write; encrypted-media; gyroscope; picture-in-picture; web-share\" referrerpolicy=\"strict-origin-when-cross-origin\" allowfullscreen><\/iframe><\/p>\n<p>&nbsp;<\/p>\n<p>E voc\u00ea, como est\u00e1 se preparando para o Natal?! Vamos pintar este desenho do Batismo de Jesus por Jo\u00e3o Batista bem bonito!<\/p>\n<p><img loading=\"lazy\" decoding=\"async\" class=\"aligncenter size-full wp-image-11072\" src=\"http:\/\/blog.cancaonova.com\/paisecatequistas\/files\/2020\/12\/600x600-corpo-7.jpg\" alt=\"\" width=\"600\" height=\"600\" srcset=\"https:\/\/blog.cancaonova.com\/paisecatequistas\/files\/2020\/12\/600x600-corpo-7.jpg 600w, https:\/\/blog.cancaonova.com\/paisecatequistas\/files\/2020\/12\/600x600-corpo-7-150x150.jpg 150w, https:\/\/blog.cancaonova.com\/paisecatequistas\/files\/2020\/12\/600x600-corpo-7-300x300.jpg 300w\" sizes=\"(max-width: 600px) 100vw, 600px\" \/><\/p>\n<p>&nbsp;<\/p>\n<p style=\"text-align: right\">O Esp\u00edrito do Senhor est\u00e1 sobre n\u00f3s, nos ungiu para levarmos luz, esperan\u00e7a, vida, para levarmos a Palavra que salva, ilumina, aquece e liberta!<\/p>\n<p style=\"text-align: right\">Maranatha! Vem Senhor Jesus!<\/p>\n<p style=\"text-align: right\">Departamento Infanto Juvenil<\/p>\n<p style=\"text-align: right\"><a href=\"https:\/\/www.instagram.com\/cancaonovakids\/?hl=pt-br\">Can\u00e7\u00e3o Nova Kids<\/a><\/p>\n","protected":false},"excerpt":{"rendered":"<p>Chegamos ao domingo da alegria, quando o sacerdote deixa o paramento roxo e usa o rosa. Domingo da Alegria porque Ele Vem! \u00c9 uma Alegria de quem est\u00e1 esperando algu\u00e9m muito amado chegar! Liturgia &#8211; 3\u00aa Semana do Advento &#8211; riqueza da f\u00e9 Cat\u00f3lica &#8211; Ele vem! <a href=\"https:\/\/blog.cancaonova.com\/paisecatequistas\/liturgia-3a-semana-do-advento-riqueza-da-fe-catolica-ele-vem\/\">Continue lendo <span class=\"meta-nav\">&rarr;<\/span><\/a><\/p>\n","protected":false},"author":4414,"featured_media":10900,"comment_status":"open","ping_status":"open","sticky":false,"template":"","format":"standard","meta":{"_mi_skip_tracking":false,"_monsterinsights_sitenote_active":false,"_monsterinsights_sitenote_note":"","_monsterinsights_sitenote_category":0,"footnotes":""},"categories":[34,15521,17601,48,951],"tags":[24461,200885,35737,30501,16442,200622,9931,200854,200870,200851,203182,202826,8911,200651,18662,42993,17119,38,200650,200648,200641,36040,200680,200665,200626,192610,203298,25951,200887,200886,2691,200701,202456,45592,34,192590,204443,114312,5011,18310,52778,102917,23252,16437,120571,991,15521,203638,26984,36379,200666,13461,8001,15792,8631,200722,17604,27131,55809,5721,711,3671,41132,7671,40,104100,15401,19784,51,22818,48,17101,231,22774,200653,16136,133221,83,8081,451,20156,28498,12951,261,16666,200709,192567,13031,193693,200859,381,41430,16908,33583,17269,202119,19175,24284,17350,21278,7761,271,200869,200868,102779,20206,10241,200647,200652,17104,26609,4251,3691,39,15501,13571,19387,2031,141],"_links":{"self":[{"href":"https:\/\/blog.cancaonova.com\/paisecatequistas\/wp-json\/wp\/v2\/posts\/10898"}],"collection":[{"href":"https:\/\/blog.cancaonova.com\/paisecatequistas\/wp-json\/wp\/v2\/posts"}],"about":[{"href":"https:\/\/blog.cancaonova.com\/paisecatequistas\/wp-json\/wp\/v2\/types\/post"}],"author":[{"embeddable":true,"href":"https:\/\/blog.cancaonova.com\/paisecatequistas\/wp-json\/wp\/v2\/users\/4414"}],"replies":[{"embeddable":true,"href":"https:\/\/blog.cancaonova.com\/paisecatequistas\/wp-json\/wp\/v2\/comments?post=10898"}],"version-history":[{"count":4,"href":"https:\/\/blog.cancaonova.com\/paisecatequistas\/wp-json\/wp\/v2\/posts\/10898\/revisions"}],"predecessor-version":[{"id":11075,"href":"https:\/\/blog.cancaonova.com\/paisecatequistas\/wp-json\/wp\/v2\/posts\/10898\/revisions\/11075"}],"wp:featuredmedia":[{"embeddable":true,"href":"https:\/\/blog.cancaonova.com\/paisecatequistas\/wp-json\/wp\/v2\/media\/10900"}],"wp:attachment":[{"href":"https:\/\/blog.cancaonova.com\/paisecatequistas\/wp-json\/wp\/v2\/media?parent=10898"}],"wp:term":[{"taxonomy":"category","embeddable":true,"href":"https:\/\/blog.cancaonova.com\/paisecatequistas\/wp-json\/wp\/v2\/categories?post=10898"},{"taxonomy":"post_tag","embeddable":true,"href":"https:\/\/blog.cancaonova.com\/paisecatequistas\/wp-json\/wp\/v2\/tags?post=10898"}],"curies":[{"name":"wp","href":"https:\/\/api.w.org\/{rel}","templated":true}]}}