{"id":10956,"date":"2020-12-10T09:00:13","date_gmt":"2020-12-10T11:00:13","guid":{"rendered":"http:\/\/blog.cancaonova.com\/paisecatequistas\/?p=10956"},"modified":"2020-12-10T09:00:13","modified_gmt":"2020-12-10T11:00:13","slug":"olha-que-legal-novena-de-natal-para-criancas","status":"publish","type":"post","link":"https:\/\/blog.cancaonova.com\/paisecatequistas\/olha-que-legal-novena-de-natal-para-criancas\/","title":{"rendered":"Olha que legal! Novena de Natal para crian\u00e7as!"},"content":{"rendered":"<h4>N\u00e3o podemos deixar nossos pequenos fora desta prepara\u00e7\u00e3o t\u00e3o linda e t\u00e3o importante para nossa f\u00e9 Cat\u00f3lica!<\/h4>\n<p>Vamos dar um belo presente de Natal para nossas crian\u00e7as?!!!<\/p>\n<p><img loading=\"lazy\" decoding=\"async\" class=\"aligncenter size-full wp-image-11031\" src=\"http:\/\/blog.cancaonova.com\/paisecatequistas\/files\/2020\/12\/Card-Capa.jpg\" alt=\"\" width=\"1600\" height=\"900\" srcset=\"https:\/\/blog.cancaonova.com\/paisecatequistas\/files\/2020\/12\/Card-Capa.jpg 1600w, https:\/\/blog.cancaonova.com\/paisecatequistas\/files\/2020\/12\/Card-Capa-300x169.jpg 300w, https:\/\/blog.cancaonova.com\/paisecatequistas\/files\/2020\/12\/Card-Capa-768x432.jpg 768w, https:\/\/blog.cancaonova.com\/paisecatequistas\/files\/2020\/12\/Card-Capa-384x216.jpg 384w, https:\/\/blog.cancaonova.com\/paisecatequistas\/files\/2020\/12\/Card-Capa-512x288.jpg 512w, https:\/\/blog.cancaonova.com\/paisecatequistas\/files\/2020\/12\/Card-Capa-1024x576.jpg 1024w, https:\/\/blog.cancaonova.com\/paisecatequistas\/files\/2020\/12\/Card-Capa-1536x864.jpg 1536w\" sizes=\"(max-width: 1600px) 100vw, 1600px\" \/><\/p>\n<h4>Estamos disponibilizando nesta mat\u00e9ria todos os cards e<a href=\"https:\/\/bit.ly\/2K1hH2V\"> clicando aqui voc\u00ea ter\u00e1 acesso ao Livro Digital da Novena de Natal.<\/a><\/h4>\n<p>Aqui no Blog Pais e Catequistas adaptamos o formato de cada card contem o tema central da medita\u00e7\u00e3o do dia, as ora\u00e7\u00f5es e aventuras.<\/p>\n<p>Tamb\u00e9m tem um c\u00edrculo, que \u00e9 para o respons\u00e1vel pela crian\u00e7a imprimir em papel mais durinho, recortar, rezar, colocar uma fita bem bonita, e pendurar na \u00e1rvore de Natal.<\/p>\n<p><img loading=\"lazy\" decoding=\"async\" class=\"aligncenter size-full wp-image-11029\" src=\"http:\/\/blog.cancaonova.com\/paisecatequistas\/files\/2020\/12\/Apresenta\u00e7\u00e3o.jpg\" alt=\"\" width=\"1200\" height=\"1000\" srcset=\"https:\/\/blog.cancaonova.com\/paisecatequistas\/files\/2020\/12\/Apresenta\u00e7\u00e3o.jpg 1200w, https:\/\/blog.cancaonova.com\/paisecatequistas\/files\/2020\/12\/Apresenta\u00e7\u00e3o-300x250.jpg 300w, https:\/\/blog.cancaonova.com\/paisecatequistas\/files\/2020\/12\/Apresenta\u00e7\u00e3o-768x640.jpg 768w\" sizes=\"(max-width: 1200px) 100vw, 1200px\" \/><\/p>\n<p><img loading=\"lazy\" decoding=\"async\" class=\"aligncenter size-full wp-image-11040\" src=\"http:\/\/blog.cancaonova.com\/paisecatequistas\/files\/2020\/12\/1-Dia-da-Novena-1.jpg\" alt=\"\" width=\"1200\" height=\"1000\" srcset=\"https:\/\/blog.cancaonova.com\/paisecatequistas\/files\/2020\/12\/1-Dia-da-Novena-1.jpg 1200w, https:\/\/blog.cancaonova.com\/paisecatequistas\/files\/2020\/12\/1-Dia-da-Novena-1-300x250.jpg 300w, https:\/\/blog.cancaonova.com\/paisecatequistas\/files\/2020\/12\/1-Dia-da-Novena-1-768x640.jpg 768w\" sizes=\"(max-width: 1200px) 100vw, 1200px\" \/><\/p>\n<p><img loading=\"lazy\" decoding=\"async\" class=\"aligncenter size-full wp-image-11036\" src=\"http:\/\/blog.cancaonova.com\/paisecatequistas\/files\/2020\/12\/2-Dia-da-Novena-1.jpg\" alt=\"\" width=\"1200\" height=\"1000\" srcset=\"https:\/\/blog.cancaonova.com\/paisecatequistas\/files\/2020\/12\/2-Dia-da-Novena-1.jpg 1200w, https:\/\/blog.cancaonova.com\/paisecatequistas\/files\/2020\/12\/2-Dia-da-Novena-1-300x250.jpg 300w, https:\/\/blog.cancaonova.com\/paisecatequistas\/files\/2020\/12\/2-Dia-da-Novena-1-768x640.jpg 768w\" sizes=\"(max-width: 1200px) 100vw, 1200px\" \/><\/p>\n<p><img loading=\"lazy\" decoding=\"async\" class=\"aligncenter size-full wp-image-11039\" src=\"http:\/\/blog.cancaonova.com\/paisecatequistas\/files\/2020\/12\/3-Dia-da-Novena-1.jpg\" alt=\"\" width=\"1200\" height=\"1000\" srcset=\"https:\/\/blog.cancaonova.com\/paisecatequistas\/files\/2020\/12\/3-Dia-da-Novena-1.jpg 1200w, https:\/\/blog.cancaonova.com\/paisecatequistas\/files\/2020\/12\/3-Dia-da-Novena-1-300x250.jpg 300w, https:\/\/blog.cancaonova.com\/paisecatequistas\/files\/2020\/12\/3-Dia-da-Novena-1-768x640.jpg 768w\" sizes=\"(max-width: 1200px) 100vw, 1200px\" \/><\/p>\n<p><img loading=\"lazy\" decoding=\"async\" class=\"aligncenter size-full wp-image-11038\" src=\"http:\/\/blog.cancaonova.com\/paisecatequistas\/files\/2020\/12\/4-Dia-da-Novena-1.jpg\" alt=\"\" width=\"1200\" height=\"1000\" srcset=\"https:\/\/blog.cancaonova.com\/paisecatequistas\/files\/2020\/12\/4-Dia-da-Novena-1.jpg 1200w, https:\/\/blog.cancaonova.com\/paisecatequistas\/files\/2020\/12\/4-Dia-da-Novena-1-300x250.jpg 300w, https:\/\/blog.cancaonova.com\/paisecatequistas\/files\/2020\/12\/4-Dia-da-Novena-1-768x640.jpg 768w\" sizes=\"(max-width: 1200px) 100vw, 1200px\" \/><\/p>\n<p><img loading=\"lazy\" decoding=\"async\" class=\"aligncenter size-full wp-image-11037\" src=\"http:\/\/blog.cancaonova.com\/paisecatequistas\/files\/2020\/12\/5-Dia-da-Novena-1-1.jpg\" alt=\"\" width=\"1200\" height=\"1000\" srcset=\"https:\/\/blog.cancaonova.com\/paisecatequistas\/files\/2020\/12\/5-Dia-da-Novena-1-1.jpg 1200w, https:\/\/blog.cancaonova.com\/paisecatequistas\/files\/2020\/12\/5-Dia-da-Novena-1-1-300x250.jpg 300w, https:\/\/blog.cancaonova.com\/paisecatequistas\/files\/2020\/12\/5-Dia-da-Novena-1-1-768x640.jpg 768w\" sizes=\"(max-width: 1200px) 100vw, 1200px\" \/><\/p>\n<p><img loading=\"lazy\" decoding=\"async\" class=\"aligncenter size-full wp-image-11035\" src=\"http:\/\/blog.cancaonova.com\/paisecatequistas\/files\/2020\/12\/6-Dia-da-Novena-1.jpg\" alt=\"\" width=\"1200\" height=\"1000\" srcset=\"https:\/\/blog.cancaonova.com\/paisecatequistas\/files\/2020\/12\/6-Dia-da-Novena-1.jpg 1200w, https:\/\/blog.cancaonova.com\/paisecatequistas\/files\/2020\/12\/6-Dia-da-Novena-1-300x250.jpg 300w, https:\/\/blog.cancaonova.com\/paisecatequistas\/files\/2020\/12\/6-Dia-da-Novena-1-768x640.jpg 768w\" sizes=\"(max-width: 1200px) 100vw, 1200px\" \/><\/p>\n<p><img loading=\"lazy\" decoding=\"async\" class=\"aligncenter size-full wp-image-11034\" src=\"http:\/\/blog.cancaonova.com\/paisecatequistas\/files\/2020\/12\/7-Dia-da-Novena-1.jpg\" alt=\"\" width=\"1200\" height=\"1000\" srcset=\"https:\/\/blog.cancaonova.com\/paisecatequistas\/files\/2020\/12\/7-Dia-da-Novena-1.jpg 1200w, https:\/\/blog.cancaonova.com\/paisecatequistas\/files\/2020\/12\/7-Dia-da-Novena-1-300x250.jpg 300w, https:\/\/blog.cancaonova.com\/paisecatequistas\/files\/2020\/12\/7-Dia-da-Novena-1-768x640.jpg 768w\" sizes=\"(max-width: 1200px) 100vw, 1200px\" \/>.<img loading=\"lazy\" decoding=\"async\" class=\"aligncenter size-full wp-image-11033\" src=\"http:\/\/blog.cancaonova.com\/paisecatequistas\/files\/2020\/12\/8-Dia-da-Novena-1.jpg\" alt=\"\" width=\"1200\" height=\"1000\" srcset=\"https:\/\/blog.cancaonova.com\/paisecatequistas\/files\/2020\/12\/8-Dia-da-Novena-1.jpg 1200w, https:\/\/blog.cancaonova.com\/paisecatequistas\/files\/2020\/12\/8-Dia-da-Novena-1-300x250.jpg 300w, https:\/\/blog.cancaonova.com\/paisecatequistas\/files\/2020\/12\/8-Dia-da-Novena-1-768x640.jpg 768w\" sizes=\"(max-width: 1200px) 100vw, 1200px\" \/><\/p>\n<p><img loading=\"lazy\" decoding=\"async\" class=\"aligncenter size-full wp-image-11030\" src=\"http:\/\/blog.cancaonova.com\/paisecatequistas\/files\/2020\/12\/9-Dia-da-Novena-1.jpg\" alt=\"\" width=\"1200\" height=\"1000\" srcset=\"https:\/\/blog.cancaonova.com\/paisecatequistas\/files\/2020\/12\/9-Dia-da-Novena-1.jpg 1200w, https:\/\/blog.cancaonova.com\/paisecatequistas\/files\/2020\/12\/9-Dia-da-Novena-1-300x250.jpg 300w, https:\/\/blog.cancaonova.com\/paisecatequistas\/files\/2020\/12\/9-Dia-da-Novena-1-768x640.jpg 768w\" sizes=\"(max-width: 1200px) 100vw, 1200px\" \/><\/p>\n<p>&nbsp;<\/p>\n<h4><strong>Mas, n\u00e3o deixe de acompanhar dia a dia durante a Novena de Natal que se iniciar\u00e1 neste ano no dia 16 de dezembro, pois iremos colocar atividade para o dia e mais conte\u00fado do tema.<\/strong><\/h4>\n<p style=\"text-align: right\">Este com certeza, ser\u00e1 o melhor Natal de nossas vidas!<\/p>\n<p style=\"text-align: right\">Maranatha! Vem Senhor Jesus!<\/p>\n<p style=\"text-align: right\">Departamento Infanto Juvenil<\/p>\n<p style=\"text-align: right\"><a href=\"https:\/\/www.instagram.com\/cancaonovakids\/\">Can\u00e7\u00e3o Nova Kids<\/a><\/p>\n","protected":false},"excerpt":{"rendered":"<p>O Departamento Infanto Juvenil &#8211; Can\u00e7\u00e3o Nova Kids produziu um livro digital contendo a Novena de Natal para crian\u00e7as que tamb\u00e9m ser\u00e1 disponibilizado aqui no Blog Pais e Catequistas! Quer presente mais belo e mais legal do que isso? <a href=\"https:\/\/blog.cancaonova.com\/paisecatequistas\/olha-que-legal-novena-de-natal-para-criancas\/\">Continue lendo <span class=\"meta-nav\">&rarr;<\/span><\/a><\/p>\n","protected":false},"author":4414,"featured_media":11031,"comment_status":"open","ping_status":"open","sticky":false,"template":"","format":"standard","meta":{"_mi_skip_tracking":false,"_monsterinsights_sitenote_active":false,"_monsterinsights_sitenote_note":"","_monsterinsights_sitenote_category":0,"footnotes":""},"categories":[16089,15521,102112,221,5881,31],"tags":[24461,35737,30501,16442,200622,9931,200854,200851,203182,202826,8911,200651,18662,42993,17119,38,200650,200648,200641,36040,200680,200665,200626,192610,203298,25951,2691,200701,202456,45592,34,192590,204443,114312,5011,18310,52778,102917,23252,16437,120571,991,15521,203638,26984,36379,200666,13461,8001,15792,8631,200722,17604,27131,55809,5721,711,3671,41132,7671,40,104100,15401,19784,51,22818,48,17101,231,22774,200653,16136,31,451,20156,28498,12951,26986,261,16666,200709,192567,13031,193693,200859,381,41430,16908,33583,17269,202119,19175,24284,17350,21278,7761,271,200869,200868,102779,20206,10241,200647,200652,17104,26609,4251,3691,39,15501,13571,19387,2031,141],"_links":{"self":[{"href":"https:\/\/blog.cancaonova.com\/paisecatequistas\/wp-json\/wp\/v2\/posts\/10956"}],"collection":[{"href":"https:\/\/blog.cancaonova.com\/paisecatequistas\/wp-json\/wp\/v2\/posts"}],"about":[{"href":"https:\/\/blog.cancaonova.com\/paisecatequistas\/wp-json\/wp\/v2\/types\/post"}],"author":[{"embeddable":true,"href":"https:\/\/blog.cancaonova.com\/paisecatequistas\/wp-json\/wp\/v2\/users\/4414"}],"replies":[{"embeddable":true,"href":"https:\/\/blog.cancaonova.com\/paisecatequistas\/wp-json\/wp\/v2\/comments?post=10956"}],"version-history":[{"count":10,"href":"https:\/\/blog.cancaonova.com\/paisecatequistas\/wp-json\/wp\/v2\/posts\/10956\/revisions"}],"predecessor-version":[{"id":11046,"href":"https:\/\/blog.cancaonova.com\/paisecatequistas\/wp-json\/wp\/v2\/posts\/10956\/revisions\/11046"}],"wp:featuredmedia":[{"embeddable":true,"href":"https:\/\/blog.cancaonova.com\/paisecatequistas\/wp-json\/wp\/v2\/media\/11031"}],"wp:attachment":[{"href":"https:\/\/blog.cancaonova.com\/paisecatequistas\/wp-json\/wp\/v2\/media?parent=10956"}],"wp:term":[{"taxonomy":"category","embeddable":true,"href":"https:\/\/blog.cancaonova.com\/paisecatequistas\/wp-json\/wp\/v2\/categories?post=10956"},{"taxonomy":"post_tag","embeddable":true,"href":"https:\/\/blog.cancaonova.com\/paisecatequistas\/wp-json\/wp\/v2\/tags?post=10956"}],"curies":[{"name":"wp","href":"https:\/\/api.w.org\/{rel}","templated":true}]}}