{"id":1097,"date":"2009-12-03T09:35:52","date_gmt":"2009-12-03T11:35:52","guid":{"rendered":"http:\/\/blog.cancaonova.com\/paisecatequistas\/?p=1097"},"modified":"2012-01-10T14:02:38","modified_gmt":"2012-01-10T16:02:38","slug":"reliquias-de-dom-bosco-na-cancao-nova","status":"publish","type":"post","link":"https:\/\/blog.cancaonova.com\/paisecatequistas\/reliquias-de-dom-bosco-na-cancao-nova\/","title":{"rendered":"Reliquias de Dom Bosco na Can\u00e7\u00e3o Nova"},"content":{"rendered":"<p>Ol\u00e1 pais e catequistas. Paz e bem !!<\/p>\n<p><a href=\"http:\/\/blog.cancaonova.com\/paisecatequistas\/files\/2009\/11\/domingos-savio-e-dom-bosco1.jpg\"><img loading=\"lazy\" decoding=\"async\" class=\"alignnone size-full wp-image-1098\" src=\"http:\/\/blog.cancaonova.com\/paisecatequistas\/files\/2009\/11\/domingos-savio-e-dom-bosco1.jpg\" alt=\"\" width=\"400\" height=\"570\" \/><\/a><\/p>\n<h1 style=\"text-align: center\"><a title=\"Dom Bosco\" href=\"http:\/\/blog.cancaonova.com\/paisecatequistas\/files\/2009\/11\/dom-bosco-na-cancao-nova.doc\" target=\"_blank\">CLIQUE AQUI!<\/a><\/h1>\n<h1 style=\"text-align: center\"><a title=\"Dom Bosco\" href=\"http:\/\/blog.cancaonova.com\/paisecatequistas\/files\/2009\/11\/dom-bosco-na-cancao-nova.doc\" target=\"_blank\"> <\/a><\/h1>\n","protected":false},"excerpt":{"rendered":"<p>Ol\u00e1 pais e catequistas. Paz e bem !! CLIQUE AQUI!<\/p>\n","protected":false},"author":4340,"featured_media":0,"comment_status":"open","ping_status":"open","sticky":false,"template":"","format":"standard","meta":{"_mi_skip_tracking":false,"_monsterinsights_sitenote_active":false,"_monsterinsights_sitenote_note":"","_monsterinsights_sitenote_category":0,"footnotes":""},"categories":[23],"tags":[19015,26984,19413,16140],"_links":{"self":[{"href":"https:\/\/blog.cancaonova.com\/paisecatequistas\/wp-json\/wp\/v2\/posts\/1097"}],"collection":[{"href":"https:\/\/blog.cancaonova.com\/paisecatequistas\/wp-json\/wp\/v2\/posts"}],"about":[{"href":"https:\/\/blog.cancaonova.com\/paisecatequistas\/wp-json\/wp\/v2\/types\/post"}],"author":[{"embeddable":true,"href":"https:\/\/blog.cancaonova.com\/paisecatequistas\/wp-json\/wp\/v2\/users\/4340"}],"replies":[{"embeddable":true,"href":"https:\/\/blog.cancaonova.com\/paisecatequistas\/wp-json\/wp\/v2\/comments?post=1097"}],"version-history":[{"count":5,"href":"https:\/\/blog.cancaonova.com\/paisecatequistas\/wp-json\/wp\/v2\/posts\/1097\/revisions"}],"predecessor-version":[{"id":3666,"href":"https:\/\/blog.cancaonova.com\/paisecatequistas\/wp-json\/wp\/v2\/posts\/1097\/revisions\/3666"}],"wp:attachment":[{"href":"https:\/\/blog.cancaonova.com\/paisecatequistas\/wp-json\/wp\/v2\/media?parent=1097"}],"wp:term":[{"taxonomy":"category","embeddable":true,"href":"https:\/\/blog.cancaonova.com\/paisecatequistas\/wp-json\/wp\/v2\/categories?post=1097"},{"taxonomy":"post_tag","embeddable":true,"href":"https:\/\/blog.cancaonova.com\/paisecatequistas\/wp-json\/wp\/v2\/tags?post=1097"}],"curies":[{"name":"wp","href":"https:\/\/api.w.org\/{rel}","templated":true}]}}