{"id":10989,"date":"2023-12-08T00:00:30","date_gmt":"2023-12-08T02:00:30","guid":{"rendered":"http:\/\/blog.cancaonova.com\/paisecatequistas\/?p=10989"},"modified":"2025-11-24T11:52:04","modified_gmt":"2025-11-24T13:52:04","slug":"viva-nossa-senhora-viva-a-imaculada-conceicao-de-maria","status":"publish","type":"post","link":"https:\/\/blog.cancaonova.com\/paisecatequistas\/viva-nossa-senhora-viva-a-imaculada-conceicao-de-maria\/","title":{"rendered":"O que significa Imaculada Concei\u00e7\u00e3o?"},"content":{"rendered":"<h4>Voc\u00ea sabe quando foi que a Igreja tornou a Imaculada Concei\u00e7\u00e3o de Maria um dogma de f\u00e9?<\/h4>\n<p>Foi o Frei Jo\u00e3o Duns Escoto quem mostrou que era sumamente conveniente que Deus preservasse Maria do pecado original. Afinal, Ela, a Sant\u00edssima Virgem, era destinada a ser a M\u00e3e do Filho d&#8217;Ele.<\/p>\n<p>Isso \u00e9 poss\u00edvel para a Onipot\u00eancia de Deus, portanto, o Senhor a preservou, antecipando-Lhe os frutos da reden\u00e7\u00e3o de Cristo.<\/p>\n<p><img loading=\"lazy\" decoding=\"async\" class=\"wp-image-10993 alignnone\" src=\"http:\/\/blog.cancaonova.com\/paisecatequistas\/files\/2020\/12\/corpo-1100-x-600-14.jpg\" alt=\"\" width=\"618\" height=\"337\" srcset=\"https:\/\/blog.cancaonova.com\/paisecatequistas\/files\/2020\/12\/corpo-1100-x-600-14.jpg 1100w, https:\/\/blog.cancaonova.com\/paisecatequistas\/files\/2020\/12\/corpo-1100-x-600-14-300x164.jpg 300w, https:\/\/blog.cancaonova.com\/paisecatequistas\/files\/2020\/12\/corpo-1100-x-600-14-768x419.jpg 768w\" sizes=\"(max-width: 618px) 100vw, 618px\" \/><\/p>\n<p>No dia 8 de dezembro de 1854, atrav\u00e9s da bula\u00a0<i>Ineffabilis Deus<\/i> do Papa Pio IX, a Igreja oficialmente reconheceu e declarou solenemente como dogma:\u00a0<b>\u201cMaria isenta do pecado original.\u201d<\/b><\/p>\n<p>A pr\u00f3pria Virgem Maria apareceu em Lourdes, em 1858, e confirmou a defini\u00e7\u00e3o dogm\u00e1tica e a f\u00e9 do povo dizendo para Santa Bernadette e para todos n\u00f3s:\u00a0<strong><i>\u201cEu Sou a Imaculada Concei\u00e7\u00e3o.\u201d<\/i><\/strong><\/p>\n<p>Viva Nossa Senhora! Viva a Imaculada Concei\u00e7\u00e3o de Maria!<\/p>\n<p>Cantemos, juntos, com a turma do Cantinho da Crian\u00e7a, clamando a intercess\u00e3o de Nossa Senhora:<\/p>\n<p><iframe loading=\"lazy\" title=\"Maria vem- Can\u00c3\u00a7\u00c3\u00a3o Nova Kids (Clipe Oficial)\" width=\"600\" height=\"450\" src=\"https:\/\/www.youtube.com\/embed\/uLbAknssfok?feature=oembed&amp;rel=0\" frameborder=\"0\" allow=\"accelerometer; autoplay; clipboard-write; encrypted-media; gyroscope; picture-in-picture; web-share\" referrerpolicy=\"strict-origin-when-cross-origin\" allowfullscreen><\/iframe><\/p>\n<p>Vamos rezar?<\/p>\n<p><img loading=\"lazy\" decoding=\"async\" class=\" wp-image-10990 alignnone\" src=\"http:\/\/blog.cancaonova.com\/paisecatequistas\/files\/2020\/12\/08-12-540x820-Ora\u00e7\u00e3o-a-Imaculada.jpg\" alt=\"\" width=\"657\" height=\"998\" srcset=\"https:\/\/blog.cancaonova.com\/paisecatequistas\/files\/2020\/12\/08-12-540x820-Ora\u00e7\u00e3o-a-Imaculada.jpg 540w, https:\/\/blog.cancaonova.com\/paisecatequistas\/files\/2020\/12\/08-12-540x820-Ora\u00e7\u00e3o-a-Imaculada-198x300.jpg 198w\" sizes=\"(max-width: 657px) 100vw, 657px\" \/><\/p>\n<p>E n\u00e3o se esque\u00e7a de rezar um Pai-Nosso, uma Ave-Maria\u00a0 um Gl\u00f3ria!<\/p>\n<p style=\"text-align: right\">Nossa Senhora Imaculada Concei\u00e7\u00e3o, M\u00e3e de Deus e nossa M\u00e3e, rogai por n\u00f3s que recorremos a V\u00f3s!<\/p>\n<p style=\"text-align: right\">Departamento InfantoJuvenil<\/p>\n<p style=\"text-align: right\"><a href=\"https:\/\/www.instagram.com\/cancaonovakids\/\">Can\u00e7\u00e3o Nova Kids<\/a><\/p>\n","protected":false},"excerpt":{"rendered":"<p>Voc\u00ea sabe quando foi que a Igreja tornou a Imaculada Concei\u00e7\u00e3o de Maria um dogma de f\u00e9?<br \/>\nFoi o Frei Jo\u00e3o Duns Escoto quem mostrou que era sumamente conveniente que Deus preservasse Maria do pecado original.<\/p>\n<p>Afinal, Ela, a Sant\u00edssima Virgem era destinada a ser a M\u00e3e do seu Filho.<\/p>\n<p>Isso \u00e9 poss\u00edvel para a Onipot\u00eancia de Deus, portanto, o Senhor a preservou, antecipando-lhe os frutos da reden\u00e7\u00e3o de Cristo. <a href=\"https:\/\/blog.cancaonova.com\/paisecatequistas\/viva-nossa-senhora-viva-a-imaculada-conceicao-de-maria\/\">Continue lendo <span class=\"meta-nav\">&rarr;<\/span><\/a><\/p>\n","protected":false},"author":4414,"featured_media":19831,"comment_status":"closed","ping_status":"closed","sticky":false,"template":"","format":"standard","meta":{"_mi_skip_tracking":false,"_monsterinsights_sitenote_active":false,"_monsterinsights_sitenote_note":"","_monsterinsights_sitenote_category":0,"footnotes":""},"categories":[200710,15521,5721,48,451,15641],"tags":[36532,5011,16595,15521,17108,40,201084,26712,221,17101,231,451,19413],"_links":{"self":[{"href":"https:\/\/blog.cancaonova.com\/paisecatequistas\/wp-json\/wp\/v2\/posts\/10989"}],"collection":[{"href":"https:\/\/blog.cancaonova.com\/paisecatequistas\/wp-json\/wp\/v2\/posts"}],"about":[{"href":"https:\/\/blog.cancaonova.com\/paisecatequistas\/wp-json\/wp\/v2\/types\/post"}],"author":[{"embeddable":true,"href":"https:\/\/blog.cancaonova.com\/paisecatequistas\/wp-json\/wp\/v2\/users\/4414"}],"replies":[{"embeddable":true,"href":"https:\/\/blog.cancaonova.com\/paisecatequistas\/wp-json\/wp\/v2\/comments?post=10989"}],"version-history":[{"count":19,"href":"https:\/\/blog.cancaonova.com\/paisecatequistas\/wp-json\/wp\/v2\/posts\/10989\/revisions"}],"predecessor-version":[{"id":19832,"href":"https:\/\/blog.cancaonova.com\/paisecatequistas\/wp-json\/wp\/v2\/posts\/10989\/revisions\/19832"}],"wp:featuredmedia":[{"embeddable":true,"href":"https:\/\/blog.cancaonova.com\/paisecatequistas\/wp-json\/wp\/v2\/media\/19831"}],"wp:attachment":[{"href":"https:\/\/blog.cancaonova.com\/paisecatequistas\/wp-json\/wp\/v2\/media?parent=10989"}],"wp:term":[{"taxonomy":"category","embeddable":true,"href":"https:\/\/blog.cancaonova.com\/paisecatequistas\/wp-json\/wp\/v2\/categories?post=10989"},{"taxonomy":"post_tag","embeddable":true,"href":"https:\/\/blog.cancaonova.com\/paisecatequistas\/wp-json\/wp\/v2\/tags?post=10989"}],"curies":[{"name":"wp","href":"https:\/\/api.w.org\/{rel}","templated":true}]}}