{"id":11076,"date":"2023-12-11T00:00:17","date_gmt":"2023-12-11T02:00:17","guid":{"rendered":"http:\/\/blog.cancaonova.com\/paisecatequistas\/?p=11076"},"modified":"2023-12-18T10:31:43","modified_gmt":"2023-12-18T12:31:43","slug":"como-voce-esta-se-preparando-para-o-nascimento-do-menino-deus","status":"publish","type":"post","link":"https:\/\/blog.cancaonova.com\/paisecatequistas\/como-voce-esta-se-preparando-para-o-nascimento-do-menino-deus\/","title":{"rendered":"Como voc\u00ea est\u00e1 se preparando para o nascimento do Menino Deus?"},"content":{"rendered":"<h4>A festa mais esperada do ano est\u00e1 chegando! \u00c9 o Natal!<\/h4>\n<p>Como voc\u00ea est\u00e1 se preparando para o nascimento do Menino Deus? J\u00e1 montou sua \u00e1rvore de Natal? J\u00e1 montou seu pres\u00e9pio? Mas voc\u00ea sabe quem inventou o pres\u00e9pio?<\/p>\n<h4>O primeiro pres\u00e9pio do mundo foi criado, na It\u00e1lia, em 1223<\/h4>\n<p>E foi criado por S\u00e3o Francisco de Assis, em uma gruta na cidade de Greccio, ele queria que as pessoas compreendessem melhor o nascimento de Jesus. S\u00e3o Francisco celebrou o Natal do Senhor entre o boi e o jumento, para demonstrar a simplicidade do local que Jesus escolheu nascer.<\/p>\n<p>Ap\u00f3s este acontecimento, o Natal passou a ser representado por meio do pres\u00e9pio em todas os lares cat\u00f3licos.<\/p>\n<p>Deve ser montado no 1\u00ba domingo do Advento e desmontado no dia 6 de janeiro, data em que a Igreja celebra a solenidade da Epifania do Senhor.<\/p>\n<p><img loading=\"lazy\" decoding=\"async\" class=\"size-full wp-image-11078 alignnone\" src=\"http:\/\/blog.cancaonova.com\/paisecatequistas\/files\/2020\/12\/15-12-820x540-Franscisco-e-o-presepio.jpg\" alt=\"\" width=\"820\" height=\"540\" srcset=\"https:\/\/blog.cancaonova.com\/paisecatequistas\/files\/2020\/12\/15-12-820x540-Franscisco-e-o-presepio.jpg 820w, https:\/\/blog.cancaonova.com\/paisecatequistas\/files\/2020\/12\/15-12-820x540-Franscisco-e-o-presepio-300x198.jpg 300w, https:\/\/blog.cancaonova.com\/paisecatequistas\/files\/2020\/12\/15-12-820x540-Franscisco-e-o-presepio-768x506.jpg 768w\" sizes=\"(max-width: 820px) 100vw, 820px\" \/>0800<\/p>\n<h4>\u00a0 As principais figuras do pres\u00e9pio s\u00e3o:<\/h4>\n<ul>\n<li><strong>Nossa Senhora<\/strong>: M\u00e3e de Jesus. Aquela que disse o seu \u2018sim\u2019 \u00e0 vontade de Deus, e por ela a humanidade recebeu Jesus.<\/li>\n<li><strong>S\u00e3o Jos\u00e9<\/strong>: Pai adotivo. \u00c9 o homem que o assumiu como filho, que lhe deu um nome, um lar, que ensinou a Jesus uma profiss\u00e3o: a de carpinteiro.<\/li>\n<li><strong>Menino Jesus<\/strong>: \u00c9 o Filho de Deus que se fez homem, para dar sua vida pela humanidade.<\/li>\n<li><strong>O Anjo<\/strong>: \u00c9 o mensageiro de Deus, comunicador da Boa Not\u00edcia.<\/li>\n<li><strong>Os Pastores<\/strong>: Simbolizam a humildade e os pobres, que enxergam no menino Jesus a esperan\u00e7a do reino de Deus.<\/li>\n<li><strong>Os animais<\/strong>: simbolizam a humildade, pois naquele tempo a profiss\u00e3o de pastor era uma das menos reconhecidas.<\/li>\n<li><strong>Estrela<\/strong>: Simboliza a luz de Deus que guia ao encontro do Salvador.<\/li>\n<li><strong>Reis Magos<\/strong>: Belchior, Gaspar e Baltazar eram homens da ci\u00eancia. Eles representam a ci\u00eancia que vai at\u00e9 o Salvador e o reconhece como Deus.<\/li>\n<li><strong>Ouro, incenso e mirra<\/strong>: O ouro significa a realeza; era um presente dados aos reis. O incenso significa a divindade, um presente dado aos sacerdotes. Sua fuma\u00e7a simboliza as ora\u00e7\u00f5es que sobem ao c\u00e9u. E a mirra simboliza o sofrimento e a eternidade.<\/li>\n<\/ul>\n<p>Assim como voc\u00ea prepara o pres\u00e9pio para o Natal, prepare tamb\u00e9m o seu cora\u00e7\u00e3o, a sua casa para receber o Menino Jesus. Prepare-se para a chegada do Natal, assim como Maria e Jos\u00e9 se prepararam.<\/p>\n<p>Para voc\u00ea se animar mais ainda com esta prepara\u00e7\u00e3o, n\u00f3s produzimos um v\u00eddeo bem legal sobre o nascimento do menino Deus. Assista e compartilhe!<\/p>\n<p><iframe loading=\"lazy\" title=\"O Nascimento do Deus Menino\" width=\"600\" height=\"338\" src=\"https:\/\/www.youtube.com\/embed\/tw3rYTyoyok?feature=oembed&amp;rel=0\" frameborder=\"0\" allow=\"accelerometer; autoplay; clipboard-write; encrypted-media; gyroscope; picture-in-picture; web-share\" referrerpolicy=\"strict-origin-when-cross-origin\" allowfullscreen><\/iframe><\/p>\n<p>&#8220;O pres\u00e9pio \u00e9 o local sugestivo onde contemplamos Jesus que, assumindo as mis\u00e9rias do homem, nos convida a fazer o mesmo, por meio de a\u00e7\u00f5es de miseric\u00f3rdia.\u201d (Papa Francisco)<\/p>\n<p><img loading=\"lazy\" decoding=\"async\" class=\"size-full wp-image-11079 alignnone\" src=\"http:\/\/blog.cancaonova.com\/paisecatequistas\/files\/2020\/12\/15-12-820x540-HQ-Revista-49-pg-07.jpg\" alt=\"\" width=\"820\" height=\"540\" srcset=\"https:\/\/blog.cancaonova.com\/paisecatequistas\/files\/2020\/12\/15-12-820x540-HQ-Revista-49-pg-07.jpg 820w, https:\/\/blog.cancaonova.com\/paisecatequistas\/files\/2020\/12\/15-12-820x540-HQ-Revista-49-pg-07-300x198.jpg 300w, https:\/\/blog.cancaonova.com\/paisecatequistas\/files\/2020\/12\/15-12-820x540-HQ-Revista-49-pg-07-768x506.jpg 768w\" sizes=\"(max-width: 820px) 100vw, 820px\" \/><\/p>\n<p>Agora, voc\u00ea conhece tudo sobre o pres\u00e9pio, ent\u00e3o, procure abaixo os objetos que n\u00e3o deveriam estar ali:<\/p>\n<p><img loading=\"lazy\" decoding=\"async\" class=\"size-full wp-image-11077 alignnone\" src=\"http:\/\/blog.cancaonova.com\/paisecatequistas\/files\/2020\/12\/15-12-540x820-Rev-13-pg-09.jpg\" alt=\"\" width=\"540\" height=\"820\" srcset=\"https:\/\/blog.cancaonova.com\/paisecatequistas\/files\/2020\/12\/15-12-540x820-Rev-13-pg-09.jpg 540w, https:\/\/blog.cancaonova.com\/paisecatequistas\/files\/2020\/12\/15-12-540x820-Rev-13-pg-09-198x300.jpg 198w\" sizes=\"(max-width: 540px) 100vw, 540px\" \/><\/p>\n<p style=\"text-align: right\">Que cada um de n\u00f3s possa preparar o cora\u00e7\u00e3o e a alma para receber o nascimento do menino Deus em nossa vida! Maranatha! Vem, Senhor Jesus!<\/p>\n<p style=\"text-align: right\">Departamento InfantoJuvenil<\/p>\n<p style=\"text-align: right\"><a href=\"https:\/\/www.instagram.com\/cancaonovakids\/?hl=pt-br\">Can\u00e7\u00e3o Nova Kids.<\/a><\/p>\n<p>&nbsp;<\/p>\n","protected":false},"excerpt":{"rendered":"<p>Se prepare para a chegada do Natal assim como Maria e Jos\u00e9 se prepararam. \u201cO pres\u00e9pio \u00e9 o local sugestivo onde contemplamos Jesus que, assumindo as mis\u00e9rias do homem, nos convida a fazer o mesmo, por meio de a\u00e7\u00f5es de miseric\u00f3rdia\u201d.\u00a0Papa Francisco <a href=\"https:\/\/blog.cancaonova.com\/paisecatequistas\/como-voce-esta-se-preparando-para-o-nascimento-do-menino-deus\/\">Continue lendo <span class=\"meta-nav\">&rarr;<\/span><\/a><\/p>\n","protected":false},"author":4414,"featured_media":16108,"comment_status":"open","ping_status":"open","sticky":false,"template":"","format":"standard","meta":{"_mi_skip_tracking":false,"_monsterinsights_sitenote_active":false,"_monsterinsights_sitenote_note":"","_monsterinsights_sitenote_category":0,"footnotes":""},"categories":[16089,34,200710,15521,15975,102112,14931,48,951,31],"tags":[],"_links":{"self":[{"href":"https:\/\/blog.cancaonova.com\/paisecatequistas\/wp-json\/wp\/v2\/posts\/11076"}],"collection":[{"href":"https:\/\/blog.cancaonova.com\/paisecatequistas\/wp-json\/wp\/v2\/posts"}],"about":[{"href":"https:\/\/blog.cancaonova.com\/paisecatequistas\/wp-json\/wp\/v2\/types\/post"}],"author":[{"embeddable":true,"href":"https:\/\/blog.cancaonova.com\/paisecatequistas\/wp-json\/wp\/v2\/users\/4414"}],"replies":[{"embeddable":true,"href":"https:\/\/blog.cancaonova.com\/paisecatequistas\/wp-json\/wp\/v2\/comments?post=11076"}],"version-history":[{"count":10,"href":"https:\/\/blog.cancaonova.com\/paisecatequistas\/wp-json\/wp\/v2\/posts\/11076\/revisions"}],"predecessor-version":[{"id":16226,"href":"https:\/\/blog.cancaonova.com\/paisecatequistas\/wp-json\/wp\/v2\/posts\/11076\/revisions\/16226"}],"wp:featuredmedia":[{"embeddable":true,"href":"https:\/\/blog.cancaonova.com\/paisecatequistas\/wp-json\/wp\/v2\/media\/16108"}],"wp:attachment":[{"href":"https:\/\/blog.cancaonova.com\/paisecatequistas\/wp-json\/wp\/v2\/media?parent=11076"}],"wp:term":[{"taxonomy":"category","embeddable":true,"href":"https:\/\/blog.cancaonova.com\/paisecatequistas\/wp-json\/wp\/v2\/categories?post=11076"},{"taxonomy":"post_tag","embeddable":true,"href":"https:\/\/blog.cancaonova.com\/paisecatequistas\/wp-json\/wp\/v2\/tags?post=11076"}],"curies":[{"name":"wp","href":"https:\/\/api.w.org\/{rel}","templated":true}]}}