{"id":11161,"date":"2024-01-08T00:00:05","date_gmt":"2024-01-08T02:00:05","guid":{"rendered":"http:\/\/blog.cancaonova.com\/paisecatequistas\/?p=11161"},"modified":"2025-01-06T16:42:27","modified_gmt":"2025-01-06T18:42:27","slug":"liturgia-da-semana-batismo-senhor-e-revelacao-da-santissima-trindade","status":"publish","type":"post","link":"https:\/\/blog.cancaonova.com\/paisecatequistas\/liturgia-da-semana-batismo-senhor-e-revelacao-da-santissima-trindade\/","title":{"rendered":"Batismo de Jesus"},"content":{"rendered":"<h4>Atrav\u00e9s do batismo, Jesus nos torna filhos de Deus.<\/h4>\n<p>Depois da Epifania, a Igreja mostra o Batismo de Jesus, que \u00e9 cheio de ensinamentos.<\/p>\n<p>O mist\u00e9rio da Sant\u00edssima Trindade \u00e9 revelado no dia do batismo de Jesus, pois, enquanto Jo\u00e3o Batista o celebrava, o Esp\u00edrito Santo pairou sobre Jesus e todos ouviram a voz de Deus!<\/p>\n<p>Quando Jesus \u00e9 batizado, ele santifica a \u00e1gua, por isso a \u00e1gua \u00e9 santificada e derramada naquele que vai ser batizado. Por isso, nosso batismo \u00e9 t\u00e3o importante!<\/p>\n<p>Esta \u00e1gua purificada \u00e9 derramada em nossa cabe\u00e7a para que nossa alma volte \u00e0 inoc\u00eancia que existia no Para\u00edso, antes de o pecado original entrar no mundo.<\/p>\n<p><img loading=\"lazy\" decoding=\"async\" class=\"aligncenter size-full wp-image-11168\" src=\"http:\/\/blog.cancaonova.com\/paisecatequistas\/files\/2021\/01\/08-01-1100-x-600-a.jpg\" alt=\"\" width=\"1100\" height=\"600\" srcset=\"https:\/\/blog.cancaonova.com\/paisecatequistas\/files\/2021\/01\/08-01-1100-x-600-a.jpg 1100w, https:\/\/blog.cancaonova.com\/paisecatequistas\/files\/2021\/01\/08-01-1100-x-600-a-300x164.jpg 300w, https:\/\/blog.cancaonova.com\/paisecatequistas\/files\/2021\/01\/08-01-1100-x-600-a-768x419.jpg 768w\" sizes=\"(max-width: 1100px) 100vw, 1100px\" \/><\/p>\n<p>Quando Jesus \u00e9 batizado, ele santifica a \u00e1gua, por isso a \u00e1gua \u00e9 santificada e jorrada naquele que vai ser batizado. Por isso nosso batismo \u00e9 t\u00e3o importante!<\/p>\n<p>Esta \u00e1gua purificada \u00e9 derramada em em nossa cabe\u00e7a para que nossa alma volte a inoc\u00eancia que existia no Para\u00edso, antes do pecado original entrar no mundo.<\/p>\n<h4>Na celebra\u00e7\u00e3o do Batismo de Jesus, somos chamados a renovar o nosso batismo.<\/h4>\n<p><img loading=\"lazy\" decoding=\"async\" class=\"aligncenter size-full wp-image-11167\" src=\"http:\/\/blog.cancaonova.com\/paisecatequistas\/files\/2021\/01\/08-01-1100x600.jpg\" alt=\"\" width=\"1100\" height=\"600\" srcset=\"https:\/\/blog.cancaonova.com\/paisecatequistas\/files\/2021\/01\/08-01-1100x600.jpg 1100w, https:\/\/blog.cancaonova.com\/paisecatequistas\/files\/2021\/01\/08-01-1100x600-300x164.jpg 300w, https:\/\/blog.cancaonova.com\/paisecatequistas\/files\/2021\/01\/08-01-1100x600-768x419.jpg 768w\" sizes=\"(max-width: 1100px) 100vw, 1100px\" \/><\/p>\n<p><strong>Voc\u00ea sabe que dia foi batizado? Se n\u00e3o sabe, busque saber e anote para celebrar!<\/strong><\/p>\n<p>Que tal ligar para seus padrinhos de batismo e agradecer a eles por aceitarem te batizar e n\u00e3o esque\u00e7a de pedir a ben\u00e7\u00e3o! Se eles j\u00e1 forem falecidos, reze por eles!<\/p>\n<p>Agrade\u00e7a aos seus pais pelo presente que eles te deram: o seu batismo!<\/p>\n<p>Nosso amiguinho Mateus vai nos contar direitinho como foi este momento na vida de Jesus:<\/p>\n<p><iframe loading=\"lazy\" title=\"Programa Cantinho da Crian\u00c3\u00a7a - Batismo de Jesus 01\/03\/2016\" width=\"600\" height=\"450\" src=\"https:\/\/www.youtube.com\/embed\/wLcCeNF0I5A?feature=oembed&amp;rel=0\" frameborder=\"0\" allow=\"accelerometer; autoplay; clipboard-write; encrypted-media; gyroscope; picture-in-picture; web-share\" referrerpolicy=\"strict-origin-when-cross-origin\" allowfullscreen><\/iframe><\/p>\n<p>Compartilhe com seus amigos para que o maior n\u00famero poss\u00edvel de pessoas possam louvar a Deus pelo dia do Batismo de Jesus e pelo dia do seu batismo.<\/p>\n<p>&nbsp;<\/p>\n<p>&nbsp;<\/p>\n<p style=\"text-align: right\">Deus seja louvado por cada batizado!<\/p>\n<p style=\"text-align: right\">Departamento Infanto Juvenil.<\/p>\n<p style=\"text-align: right\"><a href=\"https:\/\/www.instagram.com\/cancaonovakids\/?hl=pt-br\">Can\u00e7\u00e3o Nova Kids.<\/a><\/p>\n<p>&nbsp;<\/p>\n<p>&nbsp;<\/p>\n<p>&nbsp;<\/p>\n","protected":false},"excerpt":{"rendered":"<p>Voc\u00ea sabe que dia foi batizado? Se n\u00e3o sabe busque saber e anote para celebrar! Compartilhe com seus amigos para que o maior n\u00famero poss\u00edvel de pessoas possam louvar a Deus pelo dia do Batismo de Jesus e pelo dia do seu batismo. <a href=\"https:\/\/blog.cancaonova.com\/paisecatequistas\/liturgia-da-semana-batismo-senhor-e-revelacao-da-santissima-trindade\/\">Continue lendo <span class=\"meta-nav\">&rarr;<\/span><\/a><\/p>\n","protected":false},"author":4414,"featured_media":16402,"comment_status":"closed","ping_status":"closed","sticky":false,"template":"","format":"standard","meta":{"_mi_skip_tracking":false,"_monsterinsights_sitenote_active":false,"_monsterinsights_sitenote_note":"","_monsterinsights_sitenote_category":0,"footnotes":""},"categories":[16060,15521,221],"tags":[142258,192590,114312,16595,991,5721,192567,13031,2031],"_links":{"self":[{"href":"https:\/\/blog.cancaonova.com\/paisecatequistas\/wp-json\/wp\/v2\/posts\/11161"}],"collection":[{"href":"https:\/\/blog.cancaonova.com\/paisecatequistas\/wp-json\/wp\/v2\/posts"}],"about":[{"href":"https:\/\/blog.cancaonova.com\/paisecatequistas\/wp-json\/wp\/v2\/types\/post"}],"author":[{"embeddable":true,"href":"https:\/\/blog.cancaonova.com\/paisecatequistas\/wp-json\/wp\/v2\/users\/4414"}],"replies":[{"embeddable":true,"href":"https:\/\/blog.cancaonova.com\/paisecatequistas\/wp-json\/wp\/v2\/comments?post=11161"}],"version-history":[{"count":20,"href":"https:\/\/blog.cancaonova.com\/paisecatequistas\/wp-json\/wp\/v2\/posts\/11161\/revisions"}],"predecessor-version":[{"id":18470,"href":"https:\/\/blog.cancaonova.com\/paisecatequistas\/wp-json\/wp\/v2\/posts\/11161\/revisions\/18470"}],"wp:featuredmedia":[{"embeddable":true,"href":"https:\/\/blog.cancaonova.com\/paisecatequistas\/wp-json\/wp\/v2\/media\/16402"}],"wp:attachment":[{"href":"https:\/\/blog.cancaonova.com\/paisecatequistas\/wp-json\/wp\/v2\/media?parent=11161"}],"wp:term":[{"taxonomy":"category","embeddable":true,"href":"https:\/\/blog.cancaonova.com\/paisecatequistas\/wp-json\/wp\/v2\/categories?post=11161"},{"taxonomy":"post_tag","embeddable":true,"href":"https:\/\/blog.cancaonova.com\/paisecatequistas\/wp-json\/wp\/v2\/tags?post=11161"}],"curies":[{"name":"wp","href":"https:\/\/api.w.org\/{rel}","templated":true}]}}