{"id":11207,"date":"2021-01-26T13:01:07","date_gmt":"2021-01-26T15:01:07","guid":{"rendered":"http:\/\/blog.cancaonova.com\/paisecatequistas\/?p=11207"},"modified":"2021-01-26T13:01:07","modified_gmt":"2021-01-26T15:01:07","slug":"11207","status":"publish","type":"post","link":"https:\/\/blog.cancaonova.com\/paisecatequistas\/11207\/","title":{"rendered":"Querido S\u00e3o Paulo Ap\u00f3stolo, nos ajude a levar o Evangelho onde quer que estejamos!"},"content":{"rendered":"<p><img loading=\"lazy\" decoding=\"async\" class=\"aligncenter size-full wp-image-11211\" src=\"http:\/\/blog.cancaonova.com\/paisecatequistas\/files\/2021\/01\/corpo-1100-x-600-30.jpg\" alt=\"\" width=\"1100\" height=\"600\" srcset=\"https:\/\/blog.cancaonova.com\/paisecatequistas\/files\/2021\/01\/corpo-1100-x-600-30.jpg 1100w, https:\/\/blog.cancaonova.com\/paisecatequistas\/files\/2021\/01\/corpo-1100-x-600-30-300x164.jpg 300w, https:\/\/blog.cancaonova.com\/paisecatequistas\/files\/2021\/01\/corpo-1100-x-600-30-768x419.jpg 768w\" sizes=\"(max-width: 1100px) 100vw, 1100px\" \/><\/p>\n<p>&nbsp;<\/p>\n<h4>Voc\u00ea sabia que antes da convers\u00e3o S\u00e3o Paulo perseguia os Crist\u00e3os?<\/h4>\n<p>Depois que Jesus ressuscitou e foi embora par ao\u00a0C\u00e9u,\u00a0os\u00a0crist\u00e3os\u00a0foram muito perseguidos onde moravam.<\/p>\n<p>A maioria das pessoas n\u00e3o acreditava que Jesus era Filho de Deus.<\/p>\n<p>Os maiores l\u00edderes religiosos diziam que era imposs\u00edvel Deus ter um filho, por isso, achavam que Jesus era apenas um homem comum.<\/p>\n<p>Um desses perseguidores dos crist\u00e3os se chamava Saulo.<\/p>\n<p>Saulo perseguia os crist\u00e3os porque achava que fazendo isso estava agradando a Deus. Ele achava que quando algu\u00e9m orava em nome de Jesus estava desobedecendo a Deus.<\/p>\n<p>Muitas vezes n\u00f3s fazemos o mesmo. Queremos agradar ao Criador sendo bons e achamos que nunca erramos, mas a pr\u00f3pria B\u00edblia nos ensina que todos n\u00f3s somos pecadores (Romanos\u00a03:10).<\/p>\n<p>Imprima esta breve hist\u00f3ria da vida de S\u00e3o Paulo para distribuir para as crian\u00e7as:<\/p>\n<p><img loading=\"lazy\" decoding=\"async\" class=\"aligncenter size-full wp-image-11209\" src=\"http:\/\/blog.cancaonova.com\/paisecatequistas\/files\/2021\/01\/25-01-600-x-1100.jpg\" alt=\"\" width=\"600\" height=\"1100\" srcset=\"https:\/\/blog.cancaonova.com\/paisecatequistas\/files\/2021\/01\/25-01-600-x-1100.jpg 600w, https:\/\/blog.cancaonova.com\/paisecatequistas\/files\/2021\/01\/25-01-600-x-1100-164x300.jpg 164w\" sizes=\"(max-width: 600px) 100vw, 600px\" \/><\/p>\n<p><strong>Quando Saulo ouviu que era Jesus, disse \u201cSenhor, o que queres que eu te fa\u00e7a?\u201d.\u00a0<\/strong><\/p>\n<p>A partir da\u00ed sua vida mudou! Vamos rezar pedindo a intercess\u00e3o de S\u00e3o Paulo para que a nossa vida mude tamb\u00e9m?<\/p>\n<p style=\"text-align: right\">S\u00e3o Paulo Ap\u00f3stolo, rogai por n\u00f3s!<\/p>\n<p style=\"text-align: right\">Departamento Infanto Juvenil.<\/p>\n<p style=\"text-align: right\"><a href=\"https:\/\/www.instagram.com\/cancaonovakids\/?hl=pt-br\">Can\u00e7\u00e3o Nova Kids.<\/a><\/p>\n<p>&nbsp;<\/p>\n","protected":false},"excerpt":{"rendered":"<p>Saulo perseguia os crist\u00e3os porque achava que fazendo isso estava agradando a Deus. Ele achava que quando algu\u00e9m orava em nome de Jesus estava desobedecendo a Deus. Mas quando Saulo ouviu que era Jesus, disse \u201cSenhor, o que queres que eu te fa\u00e7a?\u201d.\u00a0A partir da\u00ed sua vida mudou!  <a href=\"https:\/\/blog.cancaonova.com\/paisecatequistas\/11207\/\">Continue lendo <span class=\"meta-nav\">&rarr;<\/span><\/a><\/p>\n","protected":false},"author":4414,"featured_media":11210,"comment_status":"open","ping_status":"open","sticky":false,"template":"","format":"standard","meta":{"_mi_skip_tracking":false,"_monsterinsights_sitenote_active":false,"_monsterinsights_sitenote_note":"","_monsterinsights_sitenote_category":0,"footnotes":""},"categories":[34,15521,271],"tags":[24461,30501,16442,200622,9931,203182,202826,8911,200651,18662,42993,17119,38,200650,200648,200641,36040,200680,200665,200626,192610,203298,25951,2691,200701,202456,16672,45592,200840,200841,26912,200799,200775,19015,120152,23258,18948,34,192590,204443,28283,114312,5011,18310,16595,102917,120743,23252,16437,120571,991,15521,203638,26984,34809,200666,13461,8001,15792,8631,200722,17604,9191,27131,55809,5721,711,3671,6851,41132,7671,40,2551,16020,104100,15401,19784,701,51,22818,48,17101,231,22774,200653,16136,31,451,20156,28498,12951,261,16666,200709,192567,16068,17234,13031,193693,381,41430,16908,33583,17269,202119,19175,24284,17350,21278,200802,200801,7761,25694,200772,271,200773,26290,16476,19191,102779,200756,20206,10241,200647,200652,27833,36378,4251,3691,39,15501,13571,19387,2031,141],"_links":{"self":[{"href":"https:\/\/blog.cancaonova.com\/paisecatequistas\/wp-json\/wp\/v2\/posts\/11207"}],"collection":[{"href":"https:\/\/blog.cancaonova.com\/paisecatequistas\/wp-json\/wp\/v2\/posts"}],"about":[{"href":"https:\/\/blog.cancaonova.com\/paisecatequistas\/wp-json\/wp\/v2\/types\/post"}],"author":[{"embeddable":true,"href":"https:\/\/blog.cancaonova.com\/paisecatequistas\/wp-json\/wp\/v2\/users\/4414"}],"replies":[{"embeddable":true,"href":"https:\/\/blog.cancaonova.com\/paisecatequistas\/wp-json\/wp\/v2\/comments?post=11207"}],"version-history":[{"count":2,"href":"https:\/\/blog.cancaonova.com\/paisecatequistas\/wp-json\/wp\/v2\/posts\/11207\/revisions"}],"predecessor-version":[{"id":11213,"href":"https:\/\/blog.cancaonova.com\/paisecatequistas\/wp-json\/wp\/v2\/posts\/11207\/revisions\/11213"}],"wp:featuredmedia":[{"embeddable":true,"href":"https:\/\/blog.cancaonova.com\/paisecatequistas\/wp-json\/wp\/v2\/media\/11210"}],"wp:attachment":[{"href":"https:\/\/blog.cancaonova.com\/paisecatequistas\/wp-json\/wp\/v2\/media?parent=11207"}],"wp:term":[{"taxonomy":"category","embeddable":true,"href":"https:\/\/blog.cancaonova.com\/paisecatequistas\/wp-json\/wp\/v2\/categories?post=11207"},{"taxonomy":"post_tag","embeddable":true,"href":"https:\/\/blog.cancaonova.com\/paisecatequistas\/wp-json\/wp\/v2\/tags?post=11207"}],"curies":[{"name":"wp","href":"https:\/\/api.w.org\/{rel}","templated":true}]}}