{"id":11233,"date":"2021-01-29T13:12:08","date_gmt":"2021-01-29T15:12:08","guid":{"rendered":"http:\/\/blog.cancaonova.com\/paisecatequistas\/?p=11233"},"modified":"2026-01-30T08:53:16","modified_gmt":"2026-01-30T10:53:16","slug":"dom-bosco-educai-nos-para-a-santidade-2","status":"publish","type":"post","link":"https:\/\/blog.cancaonova.com\/paisecatequistas\/dom-bosco-educai-nos-para-a-santidade-2\/","title":{"rendered":"Dom Bosco, educai-nos para a santidade!"},"content":{"rendered":"<h4>Vamos conhecer um pouquinho da vida desse santo que faz parte da hist\u00f3ria da Comunidade Can\u00e7\u00e3o Nova, um incans\u00e1vel educador e catequizador!<\/h4>\n<p><span class=\"JsGRdQ\">Dom Bosco era de uma fam\u00edlia muito pobre, mas cheia de f\u00e9. <\/span><span class=\"JsGRdQ\">Seu batizado foi realizado na Par\u00f3quia de Castelnuovo, uma comunidade italiana.<\/span><\/p>\n<p><a href=\"http:\/\/blog.cancaonova.com\/paisecatequistas\/files\/2021\/01\/dom-bosco.jpg\"><img loading=\"lazy\" decoding=\"async\" class=\"wp-image-17756 alignnone\" src=\"http:\/\/blog.cancaonova.com\/paisecatequistas\/files\/2021\/01\/dom-bosco.jpg\" alt=\"\" width=\"1079\" height=\"607\" srcset=\"https:\/\/blog.cancaonova.com\/paisecatequistas\/files\/2021\/01\/dom-bosco.jpg 1920w, https:\/\/blog.cancaonova.com\/paisecatequistas\/files\/2021\/01\/dom-bosco-300x169.jpg 300w, https:\/\/blog.cancaonova.com\/paisecatequistas\/files\/2021\/01\/dom-bosco-768x432.jpg 768w, https:\/\/blog.cancaonova.com\/paisecatequistas\/files\/2021\/01\/dom-bosco-384x216.jpg 384w, https:\/\/blog.cancaonova.com\/paisecatequistas\/files\/2021\/01\/dom-bosco-512x288.jpg 512w, https:\/\/blog.cancaonova.com\/paisecatequistas\/files\/2021\/01\/dom-bosco-1024x576.jpg 1024w, https:\/\/blog.cancaonova.com\/paisecatequistas\/files\/2021\/01\/dom-bosco-1536x864.jpg 1536w\" sizes=\"(max-width: 1079px) 100vw, 1079px\" \/><\/a><\/p>\n<h4>A pobreza nunca foi motivo de queixa ou de murmura\u00e7\u00e3o na fam\u00edlia de Dom Bosco.<\/h4>\n<p>Viviam pela f\u00e9, sempre entregues \u00e0 Divina Provid\u00eancia.<\/p>\n<p>O menino Jo\u00e3o Bosco cresceu aprendendo a confiar na Divina Provid\u00eancia.\u00a0Mesmo com todas as dificuldades, Jo\u00e3o Bosco foi para o semin\u00e1rio e tornou-se um grande padre.<\/p>\n<p>Amava e dedicava-se \u00e0 educa\u00e7\u00e3o social e \u00e0 catequese das <span class=\"JsGRdQ\">crian\u00e7as, pr\u00e9-adolescentes, adolescentes ou jovens.\u00a0<\/span><\/p>\n<p><img loading=\"lazy\" decoding=\"async\" class=\"size-full wp-image-11238 alignnone\" src=\"http:\/\/blog.cancaonova.com\/paisecatequistas\/files\/2021\/01\/corpo-1100-x-600-35.jpg\" alt=\"\" width=\"1100\" height=\"600\" srcset=\"https:\/\/blog.cancaonova.com\/paisecatequistas\/files\/2021\/01\/corpo-1100-x-600-35.jpg 1100w, https:\/\/blog.cancaonova.com\/paisecatequistas\/files\/2021\/01\/corpo-1100-x-600-35-300x164.jpg 300w, https:\/\/blog.cancaonova.com\/paisecatequistas\/files\/2021\/01\/corpo-1100-x-600-35-768x419.jpg 768w\" sizes=\"(max-width: 1100px) 100vw, 1100px\" \/><\/p>\n<p>S\u00e3o<span class=\"JsGRdQ\"> Jo\u00e3o Bosco foi beatificado em 1929, e declarado Santo pelo Papa Pio XI em 1934, quando foi aclamado como o &#8220;pai e mestre da juventude&#8221;.<\/span><\/p>\n<h4>Ent\u00e3o, se voc\u00ea conhece alguma\u00a0<span class=\"JsGRdQ\">crian\u00e7a, pr\u00e9-adolescente, adolescente ou jovem que esteja longe de Deus, consagre-a aos cuidados de S\u00e3o Jo\u00e3o Bosco.<\/span><\/h4>\n<p>Padre Jonas Abib, grande amigo de Dom Bosco, nos ensina que a Can\u00e7\u00e3o Nova \u00e9 a Casa de Maria. Foi ela quem tudo fez! Fazemos parte da fam\u00edlia Salesiana.<\/p>\n<p><strong>Nossa Senhora Auxiliadora e Dom Bosco foram escolhidos para serem os patronos da Can\u00e7\u00e3o Nova.\u00a0<\/strong><\/p>\n<p>Hoje, continuamos a miss\u00e3o de Dom Bosco, evangelizando crian\u00e7as, jovens, adolescentes, fam\u00edlias e todos os que Deus nos confiou.<\/p>\n<p><a href=\"http:\/\/blog.cancaonova.com\/paisecatequistas\/files\/2021\/01\/dom-bosco-1.jpg\"><img loading=\"lazy\" decoding=\"async\" class=\"alignright wp-image-20088\" src=\"http:\/\/blog.cancaonova.com\/paisecatequistas\/files\/2021\/01\/dom-bosco-1.jpg\" alt=\"\" width=\"1920\" height=\"1080\" srcset=\"https:\/\/blog.cancaonova.com\/paisecatequistas\/files\/2021\/01\/dom-bosco-1.jpg 1920w, https:\/\/blog.cancaonova.com\/paisecatequistas\/files\/2021\/01\/dom-bosco-1-300x169.jpg 300w, https:\/\/blog.cancaonova.com\/paisecatequistas\/files\/2021\/01\/dom-bosco-1-768x432.jpg 768w, https:\/\/blog.cancaonova.com\/paisecatequistas\/files\/2021\/01\/dom-bosco-1-384x216.jpg 384w, https:\/\/blog.cancaonova.com\/paisecatequistas\/files\/2021\/01\/dom-bosco-1-512x288.jpg 512w, https:\/\/blog.cancaonova.com\/paisecatequistas\/files\/2021\/01\/dom-bosco-1-1024x576.jpg 1024w, https:\/\/blog.cancaonova.com\/paisecatequistas\/files\/2021\/01\/dom-bosco-1-1536x864.jpg 1536w\" sizes=\"(max-width: 1920px) 100vw, 1920px\" \/><\/a><\/p>\n<p>&nbsp;<\/p>\n<p>Vamos assistir \u00e0 Tia Adelita contando essa bela hist\u00f3ria no Teatro Loja de Brinquedos:<\/p>\n<p><iframe loading=\"lazy\" title=\"Teatro kairos kids 2015 loja de brinquedos\" width=\"600\" height=\"338\" src=\"https:\/\/www.youtube.com\/embed\/ojmFlRXASjE?feature=oembed&amp;rel=0\" frameborder=\"0\" allow=\"accelerometer; autoplay; clipboard-write; encrypted-media; gyroscope; picture-in-picture; web-share\" referrerpolicy=\"strict-origin-when-cross-origin\" allowfullscreen><\/iframe><\/p>\n<p style=\"text-align: right\">S\u00e3o Jo\u00e3o Bosco,\u00a0<span class=\"JsGRdQ\">&#8220;pai e mestre da juventude&#8221;, rogai por n\u00f3s, em especial pelas crian\u00e7as, os pr\u00e9-adolescentes, adolescentes e jovens do mundo todo!<\/span><\/p>\n<p style=\"text-align: right\">Departamento Infantojuvenil<\/p>\n<p>&nbsp;<\/p>\n","protected":false},"excerpt":{"rendered":"<p>Vamos conhecer um pouquinho da vida deste Santo que faz parte da hist\u00f3ria da Comunidade Can\u00e7\u00e3o Nova, foi um incans\u00e1vel educador e catequista! <a href=\"https:\/\/blog.cancaonova.com\/paisecatequistas\/dom-bosco-educai-nos-para-a-santidade-2\/\">Continue lendo <span class=\"meta-nav\">&rarr;<\/span><\/a><\/p>\n","protected":false},"author":4414,"featured_media":17742,"comment_status":"closed","ping_status":"closed","sticky":false,"template":"","format":"standard","meta":{"_mi_skip_tracking":false,"_monsterinsights_sitenote_active":false,"_monsterinsights_sitenote_note":"","_monsterinsights_sitenote_category":0,"footnotes":""},"categories":[16089,34,5011,200710,16851,14931,289677,5881,271],"tags":[],"_links":{"self":[{"href":"https:\/\/blog.cancaonova.com\/paisecatequistas\/wp-json\/wp\/v2\/posts\/11233"}],"collection":[{"href":"https:\/\/blog.cancaonova.com\/paisecatequistas\/wp-json\/wp\/v2\/posts"}],"about":[{"href":"https:\/\/blog.cancaonova.com\/paisecatequistas\/wp-json\/wp\/v2\/types\/post"}],"author":[{"embeddable":true,"href":"https:\/\/blog.cancaonova.com\/paisecatequistas\/wp-json\/wp\/v2\/users\/4414"}],"replies":[{"embeddable":true,"href":"https:\/\/blog.cancaonova.com\/paisecatequistas\/wp-json\/wp\/v2\/comments?post=11233"}],"version-history":[{"count":10,"href":"https:\/\/blog.cancaonova.com\/paisecatequistas\/wp-json\/wp\/v2\/posts\/11233\/revisions"}],"predecessor-version":[{"id":20089,"href":"https:\/\/blog.cancaonova.com\/paisecatequistas\/wp-json\/wp\/v2\/posts\/11233\/revisions\/20089"}],"wp:featuredmedia":[{"embeddable":true,"href":"https:\/\/blog.cancaonova.com\/paisecatequistas\/wp-json\/wp\/v2\/media\/17742"}],"wp:attachment":[{"href":"https:\/\/blog.cancaonova.com\/paisecatequistas\/wp-json\/wp\/v2\/media?parent=11233"}],"wp:term":[{"taxonomy":"category","embeddable":true,"href":"https:\/\/blog.cancaonova.com\/paisecatequistas\/wp-json\/wp\/v2\/categories?post=11233"},{"taxonomy":"post_tag","embeddable":true,"href":"https:\/\/blog.cancaonova.com\/paisecatequistas\/wp-json\/wp\/v2\/tags?post=11233"}],"curies":[{"name":"wp","href":"https:\/\/api.w.org\/{rel}","templated":true}]}}