{"id":11251,"date":"2022-03-01T00:00:27","date_gmt":"2022-03-01T02:00:27","guid":{"rendered":"http:\/\/blog.cancaonova.com\/paisecatequistas\/?p=11251"},"modified":"2022-02-14T10:14:16","modified_gmt":"2022-02-14T12:14:16","slug":"voce-sabe-o-que-e-quaresma-entra-aqui-neste-artigo-e-vamos-descobrir-juntos","status":"publish","type":"post","link":"https:\/\/blog.cancaonova.com\/paisecatequistas\/voce-sabe-o-que-e-quaresma-entra-aqui-neste-artigo-e-vamos-descobrir-juntos\/","title":{"rendered":"Voc\u00ea sabe o que \u00e9 Quaresma?"},"content":{"rendered":"<h4>Voc\u00ea sabe o que \u00e9 Quaresma?<\/h4>\n<p>O Padre Carlos vai nos explicar de forma bem simples abaixo o que \u00e9 Quaresma:<\/p>\n<p><img loading=\"lazy\" decoding=\"async\" class=\"size-full wp-image-11256 alignnone\" src=\"http:\/\/blog.cancaonova.com\/paisecatequistas\/files\/2021\/02\/12-02-1100-x600.jpg\" alt=\"\" width=\"1100\" height=\"600\" srcset=\"https:\/\/blog.cancaonova.com\/paisecatequistas\/files\/2021\/02\/12-02-1100-x600.jpg 1100w, https:\/\/blog.cancaonova.com\/paisecatequistas\/files\/2021\/02\/12-02-1100-x600-300x164.jpg 300w, https:\/\/blog.cancaonova.com\/paisecatequistas\/files\/2021\/02\/12-02-1100-x600-768x419.jpg 768w\" sizes=\"(max-width: 1100px) 100vw, 1100px\" \/><\/p>\n<p>Quaresma \u00e9 um tempo especial\u00a0\u00a0para os crist\u00e3os, um tempo de gra\u00e7a, ora\u00e7\u00e3o, penit\u00eancia e jejum, tempo de subir mais um degrau para a convers\u00e3o.<\/p>\n<p>Ela nos faz lembrar as palavras de Jesus: \u201cSe n\u00e3o fizerdes penit\u00eancia, todos perecereis\u201d Lucas cap\u00edtulo 13 vers\u00edculo 3.<\/p>\n<p>N\u00f3s, do Departamento Infanto Juvenil, fizemos um calend\u00e1rio bem legal para podermos viver bem este tempo.<\/p>\n<p>Vamos imprimir e divulgar para nossas crian\u00e7as, e fazer do nosso lar uma Igreja dom\u00e9stica!<\/p>\n<h4>Calend\u00e1rio da Quaresma:<\/h4>\n<p><a href=\"http:\/\/blog.cancaonova.com\/paisecatequistas\/files\/2021\/02\/calendario-quaresma-2020.jpg\"><img loading=\"lazy\" decoding=\"async\" class=\"size-full wp-image-13023 alignnone\" src=\"http:\/\/blog.cancaonova.com\/paisecatequistas\/files\/2021\/02\/calendario-quaresma-2020.jpg\" alt=\"\" width=\"1920\" height=\"1080\" srcset=\"https:\/\/blog.cancaonova.com\/paisecatequistas\/files\/2021\/02\/calendario-quaresma-2020.jpg 1920w, https:\/\/blog.cancaonova.com\/paisecatequistas\/files\/2021\/02\/calendario-quaresma-2020-300x169.jpg 300w, https:\/\/blog.cancaonova.com\/paisecatequistas\/files\/2021\/02\/calendario-quaresma-2020-768x432.jpg 768w, https:\/\/blog.cancaonova.com\/paisecatequistas\/files\/2021\/02\/calendario-quaresma-2020-384x216.jpg 384w, https:\/\/blog.cancaonova.com\/paisecatequistas\/files\/2021\/02\/calendario-quaresma-2020-512x288.jpg 512w, https:\/\/blog.cancaonova.com\/paisecatequistas\/files\/2021\/02\/calendario-quaresma-2020-1024x576.jpg 1024w, https:\/\/blog.cancaonova.com\/paisecatequistas\/files\/2021\/02\/calendario-quaresma-2020-1536x864.jpg 1536w\" sizes=\"(max-width: 1920px) 100vw, 1920px\" \/><\/a><\/p>\n<p>&nbsp;<\/p>\n<p>&nbsp;<\/p>\n<p>E n\u00e3o \u00e9 s\u00f3 isso n\u00e3o!!! Ainda tem um calend\u00e1rio complementar com a\u00e7\u00f5es para todos os dias!<\/p>\n<h4>\u00c9 o Calend\u00e1rio de A\u00e7\u00f5es:<\/h4>\n<p>Olha, que legal, abaixo colocamos um link para voc\u00ea imprimir em tamanho de folha sulfite A4 colorido e bem bonito!<\/p>\n<p style=\"text-align: right\">Que o Esp\u00edrito Santo nos conduza neste caminho de convers\u00e3o para sermos cada dia melhor para Deus, para os irm\u00e3os e para n\u00f3s mesmos!<\/p>\n<p style=\"text-align: right\">Departamento Infanto Juvenil<\/p>\n<p style=\"text-align: right\"><a href=\"https:\/\/www.instagram.com\/cancaonovakids\/?hl=pt-br\">Can\u00e7\u00e3o Nova Kids<\/a><\/p>\n<p>&nbsp;<\/p>\n","protected":false},"excerpt":{"rendered":"<p>O tempo de Quaresma nos faz lembrar as palavras do Mestre divino: \u201cSe n\u00e3o fizerdes penit\u00eancia, todos perecereis\u201d Lucas cap\u00edtulo 13 vers\u00edculo 3. <a href=\"https:\/\/blog.cancaonova.com\/paisecatequistas\/voce-sabe-o-que-e-quaresma-entra-aqui-neste-artigo-e-vamos-descobrir-juntos\/\">Continue lendo <span class=\"meta-nav\">&rarr;<\/span><\/a><\/p>\n","protected":false},"author":4414,"featured_media":13026,"comment_status":"open","ping_status":"open","sticky":false,"template":"","format":"standard","meta":{"_mi_skip_tracking":false,"_monsterinsights_sitenote_active":false,"_monsterinsights_sitenote_note":"","_monsterinsights_sitenote_category":0,"footnotes":""},"categories":[16089,34,5011,200710,15521],"tags":[70000,10561,31606,561],"_links":{"self":[{"href":"https:\/\/blog.cancaonova.com\/paisecatequistas\/wp-json\/wp\/v2\/posts\/11251"}],"collection":[{"href":"https:\/\/blog.cancaonova.com\/paisecatequistas\/wp-json\/wp\/v2\/posts"}],"about":[{"href":"https:\/\/blog.cancaonova.com\/paisecatequistas\/wp-json\/wp\/v2\/types\/post"}],"author":[{"embeddable":true,"href":"https:\/\/blog.cancaonova.com\/paisecatequistas\/wp-json\/wp\/v2\/users\/4414"}],"replies":[{"embeddable":true,"href":"https:\/\/blog.cancaonova.com\/paisecatequistas\/wp-json\/wp\/v2\/comments?post=11251"}],"version-history":[{"count":8,"href":"https:\/\/blog.cancaonova.com\/paisecatequistas\/wp-json\/wp\/v2\/posts\/11251\/revisions"}],"predecessor-version":[{"id":13028,"href":"https:\/\/blog.cancaonova.com\/paisecatequistas\/wp-json\/wp\/v2\/posts\/11251\/revisions\/13028"}],"wp:featuredmedia":[{"embeddable":true,"href":"https:\/\/blog.cancaonova.com\/paisecatequistas\/wp-json\/wp\/v2\/media\/13026"}],"wp:attachment":[{"href":"https:\/\/blog.cancaonova.com\/paisecatequistas\/wp-json\/wp\/v2\/media?parent=11251"}],"wp:term":[{"taxonomy":"category","embeddable":true,"href":"https:\/\/blog.cancaonova.com\/paisecatequistas\/wp-json\/wp\/v2\/categories?post=11251"},{"taxonomy":"post_tag","embeddable":true,"href":"https:\/\/blog.cancaonova.com\/paisecatequistas\/wp-json\/wp\/v2\/tags?post=11251"}],"curies":[{"name":"wp","href":"https:\/\/api.w.org\/{rel}","templated":true}]}}