{"id":11293,"date":"2024-05-02T00:00:07","date_gmt":"2024-05-02T02:00:07","guid":{"rendered":"http:\/\/blog.cancaonova.com\/paisecatequistas\/?p=11293"},"modified":"2026-02-09T16:10:30","modified_gmt":"2026-02-09T18:10:30","slug":"santa-jacinta-e-sao-francisco-marto-rogai-por-nos-e-por-todas-as-criancas-do-mundo","status":"publish","type":"post","link":"https:\/\/blog.cancaonova.com\/paisecatequistas\/santa-jacinta-e-sao-francisco-marto-rogai-por-nos-e-por-todas-as-criancas-do-mundo\/","title":{"rendered":"Francisco e Jacinta Marto, santos e irm\u00e3os"},"content":{"rendered":"<p>Nossa Senhora, nas apari\u00e7\u00f5es de 1917, em F\u00e1tima &#8211; Portugal, apareceu a tr\u00eas pastorinhos. Eram eles: L\u00facia, 10 anos; Francisco 9 anos; e Jacinta de 7 anos.<\/p>\n<p>Jacinta e Francisco morreram ainda na inf\u00e2ncia, e a Igreja j\u00e1 reconheceu a sua vida de santidade. Por isso, todo dia 20 de fevereiro, a Igreja celebra a mem\u00f3ria dos Pastorinhos de F\u00e1tima.<\/p>\n<p>Crian\u00e7as simples e de cora\u00e7\u00f5es puros, que ficaram conhecidos pelo mundo todo at\u00e9 os dias atuais por serem escolhidos por Nossa Senhora, em F\u00e1tima, como testemunhas privilegiadas das apari\u00e7\u00f5es na Cova da Iria, por 6 vezes, em Portugal, no ano de 1917.<\/p>\n<p><img loading=\"lazy\" decoding=\"async\" class=\"alignnone wp-image-11296\" src=\"http:\/\/blog.cancaonova.com\/paisecatequistas\/files\/2021\/02\/corpo-1100-x-600-38.jpg\" alt=\"\" width=\"750\" height=\"409\" srcset=\"https:\/\/blog.cancaonova.com\/paisecatequistas\/files\/2021\/02\/corpo-1100-x-600-38.jpg 1100w, https:\/\/blog.cancaonova.com\/paisecatequistas\/files\/2021\/02\/corpo-1100-x-600-38-300x164.jpg 300w, https:\/\/blog.cancaonova.com\/paisecatequistas\/files\/2021\/02\/corpo-1100-x-600-38-768x419.jpg 768w\" sizes=\"(max-width: 750px) 100vw, 750px\" \/><\/p>\n<p>H\u00e1 diversos relatos de milagres alcan\u00e7ados pela intercess\u00e3o destes pastorinhos:\u00a0Francisco e Jacinta.<\/p>\n<p>Eles faziam penit\u00eancias pela convers\u00e3o dos pecadores.<\/p>\n<p>Depois que foi dada a eles a vis\u00e3o do inferno, mesmo sendo crian\u00e7as, viviam diversos sacrif\u00edcios e ofereciam pela salva\u00e7\u00e3o das almas.<\/p>\n<p>Vamos rezar com Santa Jacinta e S\u00e3o Francisco Marto?<\/p>\n<p><img loading=\"lazy\" decoding=\"async\" class=\"alignnone wp-image-11294\" src=\"http:\/\/blog.cancaonova.com\/paisecatequistas\/files\/2021\/02\/20-02-1100x600.jpg\" alt=\"\" width=\"750\" height=\"409\" srcset=\"https:\/\/blog.cancaonova.com\/paisecatequistas\/files\/2021\/02\/20-02-1100x600.jpg 1100w, https:\/\/blog.cancaonova.com\/paisecatequistas\/files\/2021\/02\/20-02-1100x600-300x164.jpg 300w, https:\/\/blog.cancaonova.com\/paisecatequistas\/files\/2021\/02\/20-02-1100x600-768x419.jpg 768w\" sizes=\"(max-width: 750px) 100vw, 750px\" \/><\/p>\n<p>Assista, agora, ao Primeiro Epis\u00f3dio da S\u00e9rie: &#8220;Os Pastorinhos de F\u00e1tima&#8221;<\/p>\n<p><iframe loading=\"lazy\" title=\"Desenho Animado - Os Pastorinhos de F\u00c3\u00a1tima - Ep. 01\" width=\"600\" height=\"338\" src=\"https:\/\/www.youtube.com\/embed\/kF_PQYZqpug?list=PLNlRgLhNKHicN1YUBC43lo3scvJumzbhV&amp;rel=0\" frameborder=\"0\" allow=\"accelerometer; autoplay; clipboard-write; encrypted-media; gyroscope; picture-in-picture; web-share\" referrerpolicy=\"strict-origin-when-cross-origin\" allowfullscreen><\/iframe><\/p>\n<p>Vamos colorir?<\/p>\n<p><a href=\"https:\/\/blog.cancaonova.com\/paisecatequistas\/files\/2024\/04\/nossa-senhora-e-padre-jonas-1.pdf\"><img loading=\"lazy\" decoding=\"async\" class=\"alignnone wp-image-11301\" src=\"http:\/\/blog.cancaonova.com\/paisecatequistas\/files\/2021\/02\/Santa-Jacinta-e-S\u00e3o-Francisco-Marto-rogai-por-n\u00f3s.jpg\" alt=\"\" width=\"629\" height=\"692\" srcset=\"https:\/\/blog.cancaonova.com\/paisecatequistas\/files\/2021\/02\/Santa-Jacinta-e-S\u00e3o-Francisco-Marto-rogai-por-n\u00f3s.jpg 1000w, https:\/\/blog.cancaonova.com\/paisecatequistas\/files\/2021\/02\/Santa-Jacinta-e-S\u00e3o-Francisco-Marto-rogai-por-n\u00f3s-273x300.jpg 273w, https:\/\/blog.cancaonova.com\/paisecatequistas\/files\/2021\/02\/Santa-Jacinta-e-S\u00e3o-Francisco-Marto-rogai-por-n\u00f3s-768x845.jpg 768w\" sizes=\"(max-width: 629px) 100vw, 629px\" \/><\/a><\/p>\n<h4 style=\"text-align: right\">Santa Jacinta e S\u00e3o Francisco Marto, rogai por n\u00f3s e por todas as crian\u00e7as do mundo!<\/h4>\n<p style=\"text-align: right\">Departamento Infantojuvenil.<\/p>\n<p style=\"text-align: right\"><a href=\"https:\/\/www.instagram.com\/cancaonovakids\/?hl=pt-br\">Can\u00e7\u00e3o Nova Kids<\/a><\/p>\n","protected":false},"excerpt":{"rendered":"<p>Santa Jacinta e S\u00e3o Francisco Marto eram crian\u00e7as simples e de cora\u00e7\u00e3o puro, que ficaram conhecidos pelo mundo todo at\u00e9 os dias atuais por serem escolhidos por Nossa Senhora, em F\u00e1tima, como testemunhas privilegiadas das apari\u00e7\u00f5es na Cova da Iria, por 6 vezes, em Portugal, no ano de 1917. <a href=\"https:\/\/blog.cancaonova.com\/paisecatequistas\/santa-jacinta-e-sao-francisco-marto-rogai-por-nos-e-por-todas-as-criancas-do-mundo\/\">Continue lendo <span class=\"meta-nav\">&rarr;<\/span><\/a><\/p>\n","protected":false},"author":4414,"featured_media":18549,"comment_status":"closed","ping_status":"closed","sticky":false,"template":"","format":"standard","meta":{"_mi_skip_tracking":false,"_monsterinsights_sitenote_active":false,"_monsterinsights_sitenote_note":"","_monsterinsights_sitenote_category":0,"footnotes":""},"categories":[200710,451,271],"tags":[9421,16595,26984,8001,8631,13071,17273,261,19413,17274,218879],"_links":{"self":[{"href":"https:\/\/blog.cancaonova.com\/paisecatequistas\/wp-json\/wp\/v2\/posts\/11293"}],"collection":[{"href":"https:\/\/blog.cancaonova.com\/paisecatequistas\/wp-json\/wp\/v2\/posts"}],"about":[{"href":"https:\/\/blog.cancaonova.com\/paisecatequistas\/wp-json\/wp\/v2\/types\/post"}],"author":[{"embeddable":true,"href":"https:\/\/blog.cancaonova.com\/paisecatequistas\/wp-json\/wp\/v2\/users\/4414"}],"replies":[{"embeddable":true,"href":"https:\/\/blog.cancaonova.com\/paisecatequistas\/wp-json\/wp\/v2\/comments?post=11293"}],"version-history":[{"count":22,"href":"https:\/\/blog.cancaonova.com\/paisecatequistas\/wp-json\/wp\/v2\/posts\/11293\/revisions"}],"predecessor-version":[{"id":20135,"href":"https:\/\/blog.cancaonova.com\/paisecatequistas\/wp-json\/wp\/v2\/posts\/11293\/revisions\/20135"}],"wp:featuredmedia":[{"embeddable":true,"href":"https:\/\/blog.cancaonova.com\/paisecatequistas\/wp-json\/wp\/v2\/media\/18549"}],"wp:attachment":[{"href":"https:\/\/blog.cancaonova.com\/paisecatequistas\/wp-json\/wp\/v2\/media?parent=11293"}],"wp:term":[{"taxonomy":"category","embeddable":true,"href":"https:\/\/blog.cancaonova.com\/paisecatequistas\/wp-json\/wp\/v2\/categories?post=11293"},{"taxonomy":"post_tag","embeddable":true,"href":"https:\/\/blog.cancaonova.com\/paisecatequistas\/wp-json\/wp\/v2\/tags?post=11293"}],"curies":[{"name":"wp","href":"https:\/\/api.w.org\/{rel}","templated":true}]}}