{"id":1145,"date":"2012-12-31T09:00:53","date_gmt":"2012-12-31T11:00:53","guid":{"rendered":"http:\/\/blog.cancaonova.com\/paisecatequistas\/?p=1145"},"modified":"2012-11-29T14:14:48","modified_gmt":"2012-11-29T16:14:48","slug":"feliz-ano-novo","status":"publish","type":"post","link":"https:\/\/blog.cancaonova.com\/paisecatequistas\/feliz-ano-novo\/","title":{"rendered":"Feliz Ano Novo"},"content":{"rendered":"<p>Ol\u00e1 Pais e catequistas.<br \/>\nA paz de Jesus e o amor de Maria.<br \/>\nParab\u00e9ns a todos que fazem parte da evangeliza\u00e7\u00e3o . Feliz Ano Novo para todos voc\u00eas<\/p>\n<p><a href=\"http:\/\/blog.cancaonova.com\/paisecatequistas\/files\/2009\/12\/pais_anonovo.jpg\"><img loading=\"lazy\" decoding=\"async\" class=\"aligncenter size-full wp-image-1146\" src=\"http:\/\/blog.cancaonova.com\/paisecatequistas\/files\/2009\/12\/pais_anonovo.jpg\" alt=\"\" width=\"400\" height=\"200\" \/><\/a><\/p>\n","protected":false},"excerpt":{"rendered":"<p>Ol\u00e1 Pais e catequistas. A paz de Jesus e o amor de Maria. Parab\u00e9ns a todos que fazem parte da evangeliza\u00e7\u00e3o . Feliz Ano Novo para todos voc\u00eas<\/p>\n","protected":false},"author":4414,"featured_media":0,"comment_status":"open","ping_status":"open","sticky":false,"template":"","format":"standard","meta":{"_mi_skip_tracking":false,"_monsterinsights_sitenote_active":false,"_monsterinsights_sitenote_note":"","_monsterinsights_sitenote_category":0,"footnotes":""},"categories":[16089],"tags":[38,26984,7671,221,231,19413],"_links":{"self":[{"href":"https:\/\/blog.cancaonova.com\/paisecatequistas\/wp-json\/wp\/v2\/posts\/1145"}],"collection":[{"href":"https:\/\/blog.cancaonova.com\/paisecatequistas\/wp-json\/wp\/v2\/posts"}],"about":[{"href":"https:\/\/blog.cancaonova.com\/paisecatequistas\/wp-json\/wp\/v2\/types\/post"}],"author":[{"embeddable":true,"href":"https:\/\/blog.cancaonova.com\/paisecatequistas\/wp-json\/wp\/v2\/users\/4414"}],"replies":[{"embeddable":true,"href":"https:\/\/blog.cancaonova.com\/paisecatequistas\/wp-json\/wp\/v2\/comments?post=1145"}],"version-history":[{"count":6,"href":"https:\/\/blog.cancaonova.com\/paisecatequistas\/wp-json\/wp\/v2\/posts\/1145\/revisions"}],"predecessor-version":[{"id":5580,"href":"https:\/\/blog.cancaonova.com\/paisecatequistas\/wp-json\/wp\/v2\/posts\/1145\/revisions\/5580"}],"wp:attachment":[{"href":"https:\/\/blog.cancaonova.com\/paisecatequistas\/wp-json\/wp\/v2\/media?parent=1145"}],"wp:term":[{"taxonomy":"category","embeddable":true,"href":"https:\/\/blog.cancaonova.com\/paisecatequistas\/wp-json\/wp\/v2\/categories?post=1145"},{"taxonomy":"post_tag","embeddable":true,"href":"https:\/\/blog.cancaonova.com\/paisecatequistas\/wp-json\/wp\/v2\/tags?post=1145"}],"curies":[{"name":"wp","href":"https:\/\/api.w.org\/{rel}","templated":true}]}}