{"id":1148,"date":"2013-01-06T09:00:54","date_gmt":"2013-01-06T11:00:54","guid":{"rendered":"http:\/\/blog.cancaonova.com\/paisecatequistas\/?p=1148"},"modified":"2012-11-29T14:33:24","modified_gmt":"2012-11-29T16:33:24","slug":"epifania-do-senhor","status":"publish","type":"post","link":"https:\/\/blog.cancaonova.com\/paisecatequistas\/epifania-do-senhor\/","title":{"rendered":"Epifania do Senhor"},"content":{"rendered":"<p style=\"text-align: center\"><a href=\"http:\/\/blog.cancaonova.com\/paisecatequistas\/files\/2010\/01\/reis-magos2.jpg\"><img loading=\"lazy\" decoding=\"async\" class=\"alignnone size-full wp-image-1149\" src=\"http:\/\/blog.cancaonova.com\/paisecatequistas\/files\/2010\/01\/reis-magos2.jpg\" alt=\"\" width=\"400\" height=\"300\" \/><\/a><\/p>\n<p style=\"text-align: center\">\n<p style=\"text-align: justify\">A Epifania do Senhor \u00e9 uma festa religiosa crist\u00e3 celebrada no dia 6 de janeiro, ou seja, doze dias ap\u00f3s o Natal. Para n\u00f3s crist\u00e3os, a Solenidade da Epifania representa a assun\u00e7\u00e3o humana de Jesus Cristo, quando o filho do Criador d\u00e1-se a conhecer ao Mundo. Na narra\u00e7\u00e3o b\u00edblica Jesus deu-se a conhecer a diferentes pessoas e em diferentes momentos, por\u00e9m o mundo crist\u00e3o celebra como epifanias tr\u00eas eventos: a Epifania propriamente dita perante os magos do oriente (como est\u00e1 relatado em Mateus 2, 1-12) e que \u00e9 celebrada no dia 6 de Janeiro; a Epifania a Jo\u00e3o Batista no rio Jord\u00e3o; e a Epifania a seus disc\u00edpulos e in\u00edcio de sua vida p\u00fablica com o milagre de Can\u00e1 quando come\u00e7a o seu minist\u00e9rio.<\/p>\n<p style=\"text-align: justify\">No sentido liter\u00e1rio, a \u201cepifania\u201d \u00e9 um momento privilegiado de revela\u00e7\u00e3o, quando acontece um evento ou incidente que \u201cilumina\u201d a vida da personagem.<\/p>\n<p style=\"text-align: justify\">O Dia de Reis, segundo a tradi\u00e7\u00e3o crist\u00e3, seria aquele em que Jesus Cristo rec\u00e9m-nascido recebera a visita de \u201cuns magos\u201d que, segundo o hagiol\u00f3gio foram tr\u00eas Reis Magos, e que ocorrera no dia 6 de janeiro.<\/p>\n<p style=\"text-align: justify\">A data marca, para n\u00f3s cat\u00f3licos, o dia para a adora\u00e7\u00e3o aos Reis, que a tradi\u00e7\u00e3o surgida no s\u00e9culo VIII converteu nos santos Belchior, Gaspar e Baltazar. Nesta data, ainda, encerram-se os festejos natalinos &#8211; sendo o dia em que s\u00e3o desarmados os pres\u00e9pios e por conseguinte s\u00e3o retirados todos os enfeites natalinos.<\/p>\n<p style=\"text-align: justify\">O tema da luz domina a solenidade do Natal e da Epifania, que antigamente e ainda hoje no Oriente estavam unidas numa s\u00f3 grande \u201cfesta das luzes\u201d. No sugestivo clima da Noite Santa apareceu a luz; nasceu Cristo \u201cluz dos povos\u201d. \u00c9 ele o \u201csol que surge do alto (cf. Lc, 1, 78). Sol vindo ao mundo para dissipar as trevas do mal e inund\u00e1-lo com o esplendor do amor divino. Escreve o evangelista Jo\u00e3o: \u201cO Verbo era a luz verdadeira que, vindo ao mundo, a todo o homem ilumina\u201d (1, 9).<\/p>\n<p style=\"text-align: justify\">\u201cDeus \u00e9 luz\u201d, recorda sempre S\u00e3o Jo\u00e3o, sintetizando n\u00e3o uma teoria gn\u00f3stica, mas \u201ca mensagem que recebemos dele (1 Jo 1, 5), isto \u00e9 de Jesus. No Evangelho, ele lembra de novo a express\u00e3o recolhida dos l\u00e1bios do Mestre: \u201cEu sou a luz do mundo; quem Me segue n\u00e3o andar\u00e1 nas trevas, mas ter\u00e1 a luz da vida\u201d (Jo 8, 12).<\/p>\n<p style=\"text-align: justify\">Encarnando, o Filho de Deus manifestou-se como luz. Luz n\u00e3o s\u00f3 para o exterior, na hist\u00f3ria do mundo, mas tamb\u00e9m para o interior do homem, na sua hist\u00f3ria pessoal. Fez-se um de n\u00f3s dando sentido e valor renovado \u00e0 nossa exist\u00eancia terrena. Deste modo, no pleno respeito pela liberdade humana, Cristo tornou-se \u201d lux mundi a luz do mundo\u201d. Luz que brilha nas trevas (Jo 1, 5).<\/p>\n<p style=\"text-align: justify\">Hoje, solenidade da \u201cEpifania\u201d, que significa \u201cManifesta\u00e7\u00e3o\u201d, volta com vigor o tema da luz. Hoje, o Messias, que em Bel\u00e9m se manifestou a humildes pastores da regi\u00e3o, continua a revelar-se luz dos povos de todos os tempos e de todos os lugares. Para os magos, vindos do Oriente para o adorar, a luz do \u201crei dos Judeus que acaba de nascer\u201d (Mt 2, 2) assume a forma de um astro celeste, muito brilhante, a ponto de atrair o seu olhar e os guiar at\u00e9 Jerusal\u00e9m. P\u00f5e-nos, assim, nas pegadas da antigas profecias messi\u00e2nicas: \u201cuma estrela sai de Jacob e um ceptro flamejante surge do seio de Israel\u2026\u201d (Nm 24, 17<\/p>\n<p style=\"text-align: justify\">Texto: Padre Bantu<\/p>\n<p style=\"text-align: justify\">\u00a0<\/p>\n","protected":false},"excerpt":{"rendered":"<p>A Epifania do Senhor \u00e9 uma festa religiosa crist\u00e3 celebrada no dia 6 de janeiro, ou seja, doze dias ap\u00f3s o Natal. Para n\u00f3s crist\u00e3os, a Solenidade da Epifania representa a assun\u00e7\u00e3o humana de Jesus Cristo, quando o filho do&#8230;<\/p>\n","protected":false},"author":4340,"featured_media":0,"comment_status":"open","ping_status":"open","sticky":false,"template":"","format":"standard","meta":{"_mi_skip_tracking":false,"_monsterinsights_sitenote_active":false,"_monsterinsights_sitenote_note":"","_monsterinsights_sitenote_category":0,"footnotes":""},"categories":[23],"tags":[36876,76392,31352,22938,102632,16621],"_links":{"self":[{"href":"https:\/\/blog.cancaonova.com\/paisecatequistas\/wp-json\/wp\/v2\/posts\/1148"}],"collection":[{"href":"https:\/\/blog.cancaonova.com\/paisecatequistas\/wp-json\/wp\/v2\/posts"}],"about":[{"href":"https:\/\/blog.cancaonova.com\/paisecatequistas\/wp-json\/wp\/v2\/types\/post"}],"author":[{"embeddable":true,"href":"https:\/\/blog.cancaonova.com\/paisecatequistas\/wp-json\/wp\/v2\/users\/4340"}],"replies":[{"embeddable":true,"href":"https:\/\/blog.cancaonova.com\/paisecatequistas\/wp-json\/wp\/v2\/comments?post=1148"}],"version-history":[{"count":8,"href":"https:\/\/blog.cancaonova.com\/paisecatequistas\/wp-json\/wp\/v2\/posts\/1148\/revisions"}],"predecessor-version":[{"id":3461,"href":"https:\/\/blog.cancaonova.com\/paisecatequistas\/wp-json\/wp\/v2\/posts\/1148\/revisions\/3461"}],"wp:attachment":[{"href":"https:\/\/blog.cancaonova.com\/paisecatequistas\/wp-json\/wp\/v2\/media?parent=1148"}],"wp:term":[{"taxonomy":"category","embeddable":true,"href":"https:\/\/blog.cancaonova.com\/paisecatequistas\/wp-json\/wp\/v2\/categories?post=1148"},{"taxonomy":"post_tag","embeddable":true,"href":"https:\/\/blog.cancaonova.com\/paisecatequistas\/wp-json\/wp\/v2\/tags?post=1148"}],"curies":[{"name":"wp","href":"https:\/\/api.w.org\/{rel}","templated":true}]}}