{"id":1155,"date":"2010-01-07T09:49:43","date_gmt":"2010-01-07T11:49:43","guid":{"rendered":"http:\/\/blog.cancaonova.com\/paisecatequistas\/?p=1155"},"modified":"2012-01-10T11:26:30","modified_gmt":"2012-01-10T13:26:30","slug":"1155","status":"publish","type":"post","link":"https:\/\/blog.cancaonova.com\/paisecatequistas\/1155\/","title":{"rendered":"Na trilha de um vencedor"},"content":{"rendered":"<p style=\"text-align: center\"><a href=\"http:\/\/blog.cancaonova.com\/paisecatequistas\/files\/2010\/01\/na-trilha-de-um-vencedor__g74952.jpg\"><img loading=\"lazy\" decoding=\"async\" class=\"size-full wp-image-1156 aligncenter\" src=\"http:\/\/blog.cancaonova.com\/paisecatequistas\/files\/2010\/01\/na-trilha-de-um-vencedor__g74952.jpg\" alt=\"\" width=\"250\" height=\"250\" \/><\/a><\/p>\n<p style=\"text-align: justify\">Esse livro conta a hist\u00f3ria de vida do Papa Jo\u00e3o Paulo II, escrita em uma linguagem de f\u00e1cil entendimento para adolescentes e jovens, trazendo ilustra\u00e7\u00f5es que encantam e facilitam a leitura.<\/p>\n<p style=\"text-align: justify\">Dessa forma, fica mais divertido conhecer e se aproximar dos ensinamentos desse grande homem de Deus.<\/p>\n<p style=\"text-align: justify\"><em>Karol Wojtyla <\/em>se manteve firme na f\u00e9, confiando sua vida nas m\u00e3os de Deus e na intercess\u00e3o de Nossa Senhora. Tornou-se um vencedor e com o seu carisma, Jo\u00e3o Paulo II conquistou o mundo como Papa.<\/p>\n<div class=\"caixas txt\" style=\"text-align: justify\">\n<div class=\"titulos\" style=\"text-align: justify\">Ficha T\u00e9cnica<\/div>\n<p><strong>Editora:<\/strong> Can\u00e7\u00e3o Nova<br \/>\n<strong>ISBN:<\/strong> 978-85-7677-082-4<br \/>\n<strong>C\u00f3digo de barras:<\/strong> 9788576770824<br \/>\n<strong>Ano de publica\u00e7\u00e3o:<\/strong> 2007<br \/>\n<strong>Formato:<\/strong> 11 x 16cm<br \/>\n<strong>N\u00famero de p\u00e1ginas:<\/strong> 164<\/p>\n<\/div>\n","protected":false},"excerpt":{"rendered":"<p>Esse livro conta a hist\u00f3ria de vida do Papa Jo\u00e3o Paulo II, escrita em uma linguagem de f\u00e1cil entendimento para adolescentes e jovens, trazendo ilustra\u00e7\u00f5es que encantam e facilitam a leitura. Dessa forma, fica mais divertido conhecer e se aproximar&#8230;<\/p>\n","protected":false},"author":4340,"featured_media":0,"comment_status":"open","ping_status":"open","sticky":false,"template":"","format":"standard","meta":{"_mi_skip_tracking":false,"_monsterinsights_sitenote_active":false,"_monsterinsights_sitenote_note":"","_monsterinsights_sitenote_category":0,"footnotes":""},"categories":[23],"tags":[3,102643,96918,20659,37162,2231],"_links":{"self":[{"href":"https:\/\/blog.cancaonova.com\/paisecatequistas\/wp-json\/wp\/v2\/posts\/1155"}],"collection":[{"href":"https:\/\/blog.cancaonova.com\/paisecatequistas\/wp-json\/wp\/v2\/posts"}],"about":[{"href":"https:\/\/blog.cancaonova.com\/paisecatequistas\/wp-json\/wp\/v2\/types\/post"}],"author":[{"embeddable":true,"href":"https:\/\/blog.cancaonova.com\/paisecatequistas\/wp-json\/wp\/v2\/users\/4340"}],"replies":[{"embeddable":true,"href":"https:\/\/blog.cancaonova.com\/paisecatequistas\/wp-json\/wp\/v2\/comments?post=1155"}],"version-history":[{"count":5,"href":"https:\/\/blog.cancaonova.com\/paisecatequistas\/wp-json\/wp\/v2\/posts\/1155\/revisions"}],"predecessor-version":[{"id":3460,"href":"https:\/\/blog.cancaonova.com\/paisecatequistas\/wp-json\/wp\/v2\/posts\/1155\/revisions\/3460"}],"wp:attachment":[{"href":"https:\/\/blog.cancaonova.com\/paisecatequistas\/wp-json\/wp\/v2\/media?parent=1155"}],"wp:term":[{"taxonomy":"category","embeddable":true,"href":"https:\/\/blog.cancaonova.com\/paisecatequistas\/wp-json\/wp\/v2\/categories?post=1155"},{"taxonomy":"post_tag","embeddable":true,"href":"https:\/\/blog.cancaonova.com\/paisecatequistas\/wp-json\/wp\/v2\/tags?post=1155"}],"curies":[{"name":"wp","href":"https:\/\/api.w.org\/{rel}","templated":true}]}}