{"id":11597,"date":"2025-03-24T00:00:30","date_gmt":"2025-03-24T02:00:30","guid":{"rendered":"http:\/\/blog.cancaonova.com\/paisecatequistas\/?p=11597"},"modified":"2025-03-24T17:42:44","modified_gmt":"2025-03-24T19:42:44","slug":"da-anunciacao-anjo-gabriel-ao-natal-menino-jesus","status":"publish","type":"post","link":"https:\/\/blog.cancaonova.com\/paisecatequistas\/da-anunciacao-anjo-gabriel-ao-natal-menino-jesus\/","title":{"rendered":"Do an\u00fancio do Anjo Gabriel ao Natal do Menino Jesus"},"content":{"rendered":"<p><strong>Esta ora\u00e7\u00e3o pode ser rezada diariamente, durante 9 meses: de 25 de mar\u00e7o at\u00e9 25 de dezembro, ou seja, da Anuncia\u00e7\u00e3o at\u00e9 o Natal do Senhor<\/strong><\/p>\n<p><em><strong>\u00d3\u00a0Maria, virgem Imaculada<\/strong><\/em>, Porta do C\u00e9u e causa da Nossa Alegria, respondendo com generosidade ao An\u00fancio do Arcanjo S\u00e3o Gabriel, V\u00f3s pudestes dar curso ao plano de Deus para nossa salva\u00e7\u00e3o.<\/p>\n<p>V\u00f3s fostes, pela Provid\u00eancia Sant\u00edssima desde toda a eternidade, constitu\u00edda morada digna do Filho de Deus Encarnado. Pelo vosso &#8216;sim&#8217; e fidelidade ao Pai celeste, o Esp\u00edrito Santo teceu em vosso ventre Jesus, nosso Senhor e Salvador.<\/p>\n<p>Eis que, desejando que o Filho de Deus quis nascer em V\u00f3s, nas\u00e7a tamb\u00e9m em meu cora\u00e7\u00e3o e conceda-me o perd\u00e3o de meus pecados, prostro-me aos vossos p\u00e9s e vos imploro, com todo o fervor de minha alma, que vos digneis alcan\u00e7ar-me, do vosso Filho, a gra\u00e7a de que tanto necessito\u2026 <strong>(colocar a gra\u00e7a)<\/strong>.<\/p>\n<p>Ouvi minha s\u00faplica, \u00f3 Virgem Sant\u00edssima, V\u00f3s que, perante o trono da Gra\u00e7a, sois a \u201cOnipot\u00eancia Suplicante\u201d, enquanto vou meditando, com rever\u00eancia e filial afeto, todos os momentos de dor e alegria, de desola\u00e7\u00e3o e provid\u00eancia, que vos acompanharam em vossa bendita e singular gesta\u00e7\u00e3o, na qual trouxestes em vosso ventre, por nove meses, o Filho do Deus Alt\u00edssimo. Am\u00e9m.<\/p>\n<p><a href=\"https:\/\/img.cancaonova.com\/cnimages\/canais\/uploads\/sites\/18\/2021\/03\/Anuncio-do-Anjo-a-Maria.pdf\"><img loading=\"lazy\" decoding=\"async\" class=\" wp-image-11601 alignnone\" src=\"http:\/\/blog.cancaonova.com\/paisecatequistas\/files\/2021\/03\/WhatsApp-Image-2021-03-24-at-11.59.58.jpeg\" alt=\"\" width=\"595\" height=\"893\" srcset=\"https:\/\/blog.cancaonova.com\/paisecatequistas\/files\/2021\/03\/WhatsApp-Image-2021-03-24-at-11.59.58.jpeg 853w, https:\/\/blog.cancaonova.com\/paisecatequistas\/files\/2021\/03\/WhatsApp-Image-2021-03-24-at-11.59.58-200x300.jpeg 200w, https:\/\/blog.cancaonova.com\/paisecatequistas\/files\/2021\/03\/WhatsApp-Image-2021-03-24-at-11.59.58-768x1152.jpeg 768w\" sizes=\"(max-width: 595px) 100vw, 595px\" \/><\/a><\/p>\n<p><strong>Clique na imagem para colorir<\/strong><\/p>\n<p><a href=\"https:\/\/blog.cancaonova.com\/paisecatequistas\/files\/2025\/03\/anuncio-do-anjo.pdf\"><img loading=\"lazy\" decoding=\"async\" class=\"wp-image-13090 alignnone\" src=\"http:\/\/blog.cancaonova.com\/paisecatequistas\/files\/2022\/03\/pg13-Anunciacao.jpg\" alt=\"\" width=\"600\" height=\"900\" srcset=\"https:\/\/blog.cancaonova.com\/paisecatequistas\/files\/2022\/03\/pg13-Anunciacao.jpg 1890w, https:\/\/blog.cancaonova.com\/paisecatequistas\/files\/2022\/03\/pg13-Anunciacao-200x300.jpg 200w, https:\/\/blog.cancaonova.com\/paisecatequistas\/files\/2022\/03\/pg13-Anunciacao-768x1152.jpg 768w\" sizes=\"(max-width: 600px) 100vw, 600px\" \/><\/a><\/p>\n<p><iframe loading=\"lazy\" title=\"Angelus | Sarah Sabar\u00c3\u00a1\" width=\"600\" height=\"338\" src=\"https:\/\/www.youtube.com\/embed\/ggXtJTjUBjc?list=PL4D4FA9FC2E0C1B67&amp;rel=0\" frameborder=\"0\" allow=\"accelerometer; autoplay; clipboard-write; encrypted-media; gyroscope; picture-in-picture; web-share\" referrerpolicy=\"strict-origin-when-cross-origin\" allowfullscreen><\/iframe><\/p>\n","protected":false},"excerpt":{"rendered":"<p>Da Anuncia\u00e7\u00e3o do Anjo Gabriel  ao Natal do Menino Jesus <a href=\"https:\/\/blog.cancaonova.com\/paisecatequistas\/da-anunciacao-anjo-gabriel-ao-natal-menino-jesus\/\">Continue lendo <span class=\"meta-nav\">&rarr;<\/span><\/a><\/p>\n","protected":false},"author":4340,"featured_media":18669,"comment_status":"closed","ping_status":"closed","sticky":false,"template":"","format":"standard","meta":{"_mi_skip_tracking":false,"_monsterinsights_sitenote_active":false,"_monsterinsights_sitenote_note":"","_monsterinsights_sitenote_category":0,"footnotes":""},"categories":[200710,15641],"tags":[289751,20890,25086,24063,221,31,289750,19554],"_links":{"self":[{"href":"https:\/\/blog.cancaonova.com\/paisecatequistas\/wp-json\/wp\/v2\/posts\/11597"}],"collection":[{"href":"https:\/\/blog.cancaonova.com\/paisecatequistas\/wp-json\/wp\/v2\/posts"}],"about":[{"href":"https:\/\/blog.cancaonova.com\/paisecatequistas\/wp-json\/wp\/v2\/types\/post"}],"author":[{"embeddable":true,"href":"https:\/\/blog.cancaonova.com\/paisecatequistas\/wp-json\/wp\/v2\/users\/4340"}],"replies":[{"embeddable":true,"href":"https:\/\/blog.cancaonova.com\/paisecatequistas\/wp-json\/wp\/v2\/comments?post=11597"}],"version-history":[{"count":16,"href":"https:\/\/blog.cancaonova.com\/paisecatequistas\/wp-json\/wp\/v2\/posts\/11597\/revisions"}],"predecessor-version":[{"id":18680,"href":"https:\/\/blog.cancaonova.com\/paisecatequistas\/wp-json\/wp\/v2\/posts\/11597\/revisions\/18680"}],"wp:featuredmedia":[{"embeddable":true,"href":"https:\/\/blog.cancaonova.com\/paisecatequistas\/wp-json\/wp\/v2\/media\/18669"}],"wp:attachment":[{"href":"https:\/\/blog.cancaonova.com\/paisecatequistas\/wp-json\/wp\/v2\/media?parent=11597"}],"wp:term":[{"taxonomy":"category","embeddable":true,"href":"https:\/\/blog.cancaonova.com\/paisecatequistas\/wp-json\/wp\/v2\/categories?post=11597"},{"taxonomy":"post_tag","embeddable":true,"href":"https:\/\/blog.cancaonova.com\/paisecatequistas\/wp-json\/wp\/v2\/tags?post=11597"}],"curies":[{"name":"wp","href":"https:\/\/api.w.org\/{rel}","templated":true}]}}