{"id":11727,"date":"2024-04-19T00:05:24","date_gmt":"2024-04-19T02:05:24","guid":{"rendered":"http:\/\/blog.cancaonova.com\/paisecatequistas\/?p=11727"},"modified":"2024-04-18T10:02:58","modified_gmt":"2024-04-18T12:02:58","slug":"19-de-abril-santo-expedito","status":"publish","type":"post","link":"https:\/\/blog.cancaonova.com\/paisecatequistas\/19-de-abril-santo-expedito\/","title":{"rendered":"19 de abril - Santo Expedito"},"content":{"rendered":"<p>Santo Expedito era um soldado romano que sempre deixava para amanh\u00e3 as decis\u00f5es importantes que tinha que tomar na vida, at\u00e9 que, um dia, Deus o chamou, e do outro lado o inimigo de Deus, na forma de um horr\u00edvel corvo, apareceu gritando para que deixasse para amanh\u00e3\u2026 Mas, movido pelo Esp\u00edrito Santo, pisou no corvo dizendo:<em> &#8220;Hodie! Hodie!&#8221;,<\/em> que quer dizer <em>Hoje! Hoje!\u00a0<\/em><\/p>\n<p>N\u00e3o vamos deixar para amanh\u00e3 o que podemos fazer hoje, principalmente se o que precisamos fazer hoje \u00e9 nos voltarmos para Deus, am\u00e1-Lo e ador\u00e1-Lo de todo o nosso cora\u00e7\u00e3o. Enfim, vamos ser verdadeiros filhos e filhas de Deus.<\/p>\n<p><strong>Ora\u00e7\u00e3o a Santo Expedito<\/strong><\/p>\n<p><span style=\"font-weight: 400\">Santo Expedito, vem me socorrer na hora do medo e do desespero.<\/span><\/p>\n<p><span style=\"font-weight: 400\">Voc\u00ea, que \u00e9 o santo das causas justas e urgentes, intercede por mim junto a Jesus Cristo, para que eu seja sempre justo e corajoso. Quero ser guerreiro como voc\u00ea!<\/span><\/p>\n<p><span style=\"font-weight: 400\">Proteja-me, d\u00e1-me for\u00e7a, coragem e serenidade para viver todos os dias como Jesus viveu.<\/span><\/p>\n<p><span style=\"font-weight: 400\">Santo Expedito, rogai por n\u00f3s! Am\u00e9m.<\/span><\/p>\n<p><a href=\"http:\/\/blog.cancaonova.com\/paisecatequistas\/files\/2021\/04\/postal-sanrto-expedito-hoje.jpg\"><img loading=\"lazy\" decoding=\"async\" class=\"wp-image-11728 alignnone\" src=\"http:\/\/blog.cancaonova.com\/paisecatequistas\/files\/2021\/04\/postal-sanrto-expedito-hoje.jpg\" alt=\"\" width=\"769\" height=\"629\" srcset=\"https:\/\/blog.cancaonova.com\/paisecatequistas\/files\/2021\/04\/postal-sanrto-expedito-hoje.jpg 1650w, https:\/\/blog.cancaonova.com\/paisecatequistas\/files\/2021\/04\/postal-sanrto-expedito-hoje-300x245.jpg 300w, https:\/\/blog.cancaonova.com\/paisecatequistas\/files\/2021\/04\/postal-sanrto-expedito-hoje-768x628.jpg 768w\" sizes=\"(max-width: 769px) 100vw, 769px\" \/><\/a><\/p>\n<p><a href=\"https:\/\/blog.cancaonova.com\/paisecatequistas\/files\/2024\/04\/bernadete-colorir-1.pdf\"><img loading=\"lazy\" decoding=\"async\" class=\"wp-image-17185 alignnone\" src=\"http:\/\/blog.cancaonova.com\/paisecatequistas\/files\/2024\/04\/bernadete-colorir.jpg\" alt=\"\" width=\"772\" height=\"1092\" srcset=\"https:\/\/blog.cancaonova.com\/paisecatequistas\/files\/2024\/04\/bernadete-colorir.jpg 1414w, https:\/\/blog.cancaonova.com\/paisecatequistas\/files\/2024\/04\/bernadete-colorir-212x300.jpg 212w, https:\/\/blog.cancaonova.com\/paisecatequistas\/files\/2024\/04\/bernadete-colorir-768x1086.jpg 768w\" sizes=\"(max-width: 772px) 100vw, 772px\" \/><\/a><\/p>\n<p>&nbsp;<\/p>\n<p>&nbsp;<\/p>\n<p>&nbsp;<\/p>\n<p>&nbsp;<\/p>\n<p>&nbsp;<\/p>\n","protected":false},"excerpt":{"rendered":"<p>Santo Expedito era um soldado romano que sempre deixava para amanh\u00e3 as decis\u00f5es importantes que tinha que tomar na vida, at\u00e9 que, um dia, Deus o chamou, e do outro lado o inimigo de Deus, na forma de um horr\u00edvel&#8230;<\/p>\n","protected":false},"author":4340,"featured_media":17183,"comment_status":"open","ping_status":"open","sticky":false,"template":"","format":"standard","meta":{"_mi_skip_tracking":false,"_monsterinsights_sitenote_active":false,"_monsterinsights_sitenote_note":"","_monsterinsights_sitenote_category":0,"footnotes":""},"categories":[271],"tags":[19577,56497],"_links":{"self":[{"href":"https:\/\/blog.cancaonova.com\/paisecatequistas\/wp-json\/wp\/v2\/posts\/11727"}],"collection":[{"href":"https:\/\/blog.cancaonova.com\/paisecatequistas\/wp-json\/wp\/v2\/posts"}],"about":[{"href":"https:\/\/blog.cancaonova.com\/paisecatequistas\/wp-json\/wp\/v2\/types\/post"}],"author":[{"embeddable":true,"href":"https:\/\/blog.cancaonova.com\/paisecatequistas\/wp-json\/wp\/v2\/users\/4340"}],"replies":[{"embeddable":true,"href":"https:\/\/blog.cancaonova.com\/paisecatequistas\/wp-json\/wp\/v2\/comments?post=11727"}],"version-history":[{"count":9,"href":"https:\/\/blog.cancaonova.com\/paisecatequistas\/wp-json\/wp\/v2\/posts\/11727\/revisions"}],"predecessor-version":[{"id":17191,"href":"https:\/\/blog.cancaonova.com\/paisecatequistas\/wp-json\/wp\/v2\/posts\/11727\/revisions\/17191"}],"wp:featuredmedia":[{"embeddable":true,"href":"https:\/\/blog.cancaonova.com\/paisecatequistas\/wp-json\/wp\/v2\/media\/17183"}],"wp:attachment":[{"href":"https:\/\/blog.cancaonova.com\/paisecatequistas\/wp-json\/wp\/v2\/media?parent=11727"}],"wp:term":[{"taxonomy":"category","embeddable":true,"href":"https:\/\/blog.cancaonova.com\/paisecatequistas\/wp-json\/wp\/v2\/categories?post=11727"},{"taxonomy":"post_tag","embeddable":true,"href":"https:\/\/blog.cancaonova.com\/paisecatequistas\/wp-json\/wp\/v2\/tags?post=11727"}],"curies":[{"name":"wp","href":"https:\/\/api.w.org\/{rel}","templated":true}]}}