{"id":11745,"date":"2024-04-27T00:16:53","date_gmt":"2024-04-27T02:16:53","guid":{"rendered":"http:\/\/blog.cancaonova.com\/paisecatequistas\/?p=11745"},"modified":"2026-04-06T15:29:41","modified_gmt":"2026-04-06T17:29:41","slug":"29-de-abril-santa-catarina-de-sena","status":"publish","type":"post","link":"https:\/\/blog.cancaonova.com\/paisecatequistas\/29-de-abril-santa-catarina-de-sena\/","title":{"rendered":"Santa Catarina de Sena"},"content":{"rendered":"<h4>Filha de Giacomo e Lapa<\/h4>\n<p>Santa Catarina de Sena nasceu em Siena, no dia 25 de mar\u00e7o do ano 1347, na Idade M\u00e9dia. Era filha de um tintureiro chamado Giacomo, um cara que tingia l\u00e3s; e de m\u00e3e muito amorosa, dona Lapa.<\/p>\n<h4>Pequena &#8220;Eufrosinha&#8221;<\/h4>\n<p>Seu pai gostava de cham\u00e1-la carinhosamente de &#8220;Eufrosinha&#8221;, que em grego quer dizer &#8220;alegria&#8221;.<\/p>\n<p>Tinha nada mais nada menos do que 24 irm\u00e3os, mas s\u00f3 13 sobreviveram. \u00c9 que, naquela \u00e9poca, j\u00e1 era comum ter uns 10 ou 12 filhos, e como seus pais tinham filhos g\u00eameos\u2026 Catarina mesmo era g\u00eamea de uma irm\u00e3zinha, Giovana, que morreu ainda beb\u00ea.<\/p>\n<h4>Em cada degrau, uma Ave-Maria<\/h4>\n<p>Desde cedo, gostava muito de rezar, de visitar igrejas e ouvir hist\u00f3rias dos santos. Quando tinha cinco anos, aprendeu sozinha a ora\u00e7\u00e3o do \u00c2ngelus, que gostava de repetir sem parar. Ao subir e descer as escadas de sua casa, costumava ajoelhar-se em cada degrau para rezar uma Ave-Maria.<\/p>\n<h4>Vi Cristo em majestade!<\/h4>\n<p>Santa Catarina teve a primeira de suas vis\u00f5es de Jesus Cristo quando tinha apenas seis anos de idade. Ela estava voltando para casa com o irm\u00e3o quando, olhando para o C\u00e9u, viu Cristo em majestade com os ap\u00f3stolos Pedro, Paulo e Jo\u00e3o. O irm\u00e3o perguntou por que ela havia parado de caminhar, e ela disse: &#8220;Oh, se tu tivesses visto o que eu vi, tenho certeza de que nunca me interromperias nem afastarias t\u00e3o deliciosa vis\u00e3o dos meus olhos&#8221;.<\/p>\n<p>Conta-se ainda que, aos sete anos, Catarina prometeu dedicar sua vida a Deus.<\/p>\n<h4>A heran\u00e7a dos pais<\/h4>\n<p>Seus pais eram pobres, e toda heran\u00e7a que deixaram para ela foi uma boa educa\u00e7\u00e3o em casa: aprendeu a ser honesta, trabalhadora, bondosa e educada.<\/p>\n<p><em>&#8220;Quem possui o amor de Deus, nele encontra tanta alegria que cada amargura se transforma em do\u00e7ura, e cada grande peso se torna leve. E isto n\u00e3o nos deve surpreender porque, vivendo na caridade, vive-se em Deus&#8221; (Santa Catarina de Sena)<\/em><\/p>\n<h4>Doutora da Igreja<\/h4>\n<p>Catarina foi canonizada, em 1461, pelo Papa Pio II; em 1970, proclamada Doutora da Igreja pelo Papa Paulo VI.<\/p>\n<p>Assista tamb\u00e9m:<strong>\u00a0<a href=\"https:\/\/blog.cancaonova.com\/paisecatequistas\/quaresma-kids-com-tia-adelita-santa-catarina-doutora-da-igreja\/\">Santa Catarina, a Doutora da Igreja<\/a><\/strong><\/p>\n<p><a href=\"http:\/\/blog.cancaonova.com\/paisecatequistas\/files\/2024\/04\/600x300-Santa-Catarina-de-Sena.png\"><img loading=\"lazy\" decoding=\"async\" class=\"size-full wp-image-17261 alignnone\" src=\"http:\/\/blog.cancaonova.com\/paisecatequistas\/files\/2024\/04\/600x300-Santa-Catarina-de-Sena.png\" alt=\"\" width=\"600\" height=\"300\" srcset=\"https:\/\/blog.cancaonova.com\/paisecatequistas\/files\/2024\/04\/600x300-Santa-Catarina-de-Sena.png 600w, https:\/\/blog.cancaonova.com\/paisecatequistas\/files\/2024\/04\/600x300-Santa-Catarina-de-Sena-300x150.png 300w, https:\/\/blog.cancaonova.com\/paisecatequistas\/files\/2024\/04\/600x300-Santa-Catarina-de-Sena-150x75.png 150w\" sizes=\"(max-width: 600px) 100vw, 600px\" \/><\/a><\/p>\n<p>&nbsp;<\/p>\n<p>&nbsp;<\/p>\n<p><a href=\"https:\/\/blog.cancaonova.com\/paisecatequistas\/files\/2024\/04\/santa-catarina-de-sena.pdf\"><img loading=\"lazy\" decoding=\"async\" class=\"size-full wp-image-11748 alignnone\" src=\"http:\/\/blog.cancaonova.com\/paisecatequistas\/files\/2021\/04\/24-Santa-Catarina-de-Sena-c\u00f3pia.jpg\" alt=\"\" width=\"3366\" height=\"2480\" srcset=\"https:\/\/blog.cancaonova.com\/paisecatequistas\/files\/2021\/04\/24-Santa-Catarina-de-Sena-c\u00f3pia.jpg 3366w, https:\/\/blog.cancaonova.com\/paisecatequistas\/files\/2021\/04\/24-Santa-Catarina-de-Sena-c\u00f3pia-300x221.jpg 300w, https:\/\/blog.cancaonova.com\/paisecatequistas\/files\/2021\/04\/24-Santa-Catarina-de-Sena-c\u00f3pia-768x566.jpg 768w\" sizes=\"(max-width: 3366px) 100vw, 3366px\" \/><\/a><\/p>\n","protected":false},"excerpt":{"rendered":"<p>Santa Catarina de Sena, nasceu em Siena no dia 25 de mar\u00e7o do ano 1347, na Idade M\u00e9dia. Era filha de um tintureiro, chamado Giacomo um cara que tingia l\u00e3s, e de m\u00e3e muito amorosa, dona Lapa. <a href=\"https:\/\/blog.cancaonova.com\/paisecatequistas\/29-de-abril-santa-catarina-de-sena\/\">Continue lendo <span class=\"meta-nav\">&rarr;<\/span><\/a><\/p>\n","protected":false},"author":4340,"featured_media":18719,"comment_status":"closed","ping_status":"closed","sticky":false,"template":"","format":"standard","meta":{"_mi_skip_tracking":false,"_monsterinsights_sitenote_active":false,"_monsterinsights_sitenote_note":"","_monsterinsights_sitenote_category":0,"footnotes":""},"categories":[200710,271],"tags":[111,29805],"_links":{"self":[{"href":"https:\/\/blog.cancaonova.com\/paisecatequistas\/wp-json\/wp\/v2\/posts\/11745"}],"collection":[{"href":"https:\/\/blog.cancaonova.com\/paisecatequistas\/wp-json\/wp\/v2\/posts"}],"about":[{"href":"https:\/\/blog.cancaonova.com\/paisecatequistas\/wp-json\/wp\/v2\/types\/post"}],"author":[{"embeddable":true,"href":"https:\/\/blog.cancaonova.com\/paisecatequistas\/wp-json\/wp\/v2\/users\/4340"}],"replies":[{"embeddable":true,"href":"https:\/\/blog.cancaonova.com\/paisecatequistas\/wp-json\/wp\/v2\/comments?post=11745"}],"version-history":[{"count":11,"href":"https:\/\/blog.cancaonova.com\/paisecatequistas\/wp-json\/wp\/v2\/posts\/11745\/revisions"}],"predecessor-version":[{"id":20319,"href":"https:\/\/blog.cancaonova.com\/paisecatequistas\/wp-json\/wp\/v2\/posts\/11745\/revisions\/20319"}],"wp:featuredmedia":[{"embeddable":true,"href":"https:\/\/blog.cancaonova.com\/paisecatequistas\/wp-json\/wp\/v2\/media\/18719"}],"wp:attachment":[{"href":"https:\/\/blog.cancaonova.com\/paisecatequistas\/wp-json\/wp\/v2\/media?parent=11745"}],"wp:term":[{"taxonomy":"category","embeddable":true,"href":"https:\/\/blog.cancaonova.com\/paisecatequistas\/wp-json\/wp\/v2\/categories?post=11745"},{"taxonomy":"post_tag","embeddable":true,"href":"https:\/\/blog.cancaonova.com\/paisecatequistas\/wp-json\/wp\/v2\/tags?post=11745"}],"curies":[{"name":"wp","href":"https:\/\/api.w.org\/{rel}","templated":true}]}}