{"id":11750,"date":"2024-04-21T00:00:05","date_gmt":"2024-04-21T02:00:05","guid":{"rendered":"http:\/\/blog.cancaonova.com\/paisecatequistas\/?p=11750"},"modified":"2024-04-18T12:33:42","modified_gmt":"2024-04-18T14:33:42","slug":"4o-domingo-da-pascoa-o-bom-pastor-da-vida-por-suas-ovelhas-jo-1011-18","status":"publish","type":"post","link":"https:\/\/blog.cancaonova.com\/paisecatequistas\/4o-domingo-da-pascoa-o-bom-pastor-da-vida-por-suas-ovelhas-jo-1011-18\/","title":{"rendered":"4\u00ba Domingo da P\u00e1scoa - \" O Bom Pastor d\u00e1 a vida por suas ovelhas\""},"content":{"rendered":"<p>No Evangelho de S\u00e3o Jo\u00e3o 10,11-18, lemos: &#8220;Naquele tempo, Jesus disse: Eu sou o bom Pastor. O bom Pastor d\u00e1 a sua vida por suas ovelhas. O mercen\u00e1rio, que n\u00e3o \u00e9 pastor e n\u00e3o \u00e9 dono das ovelhas, v\u00ea o lobo chegar, abandona as ovelhas e foge; e o lobo ataca e dispersa, pois ele \u00e9 um mercen\u00e1rio, e n\u00e3o se importa com as ovelhas&#8221;.<\/p>\n<p>Janj\u00e3o, com essa historinha, conta como age um bom Pastor:<\/p>\n<p><iframe loading=\"lazy\" title=\"Hist\u00c3\u00b3ria B\u00c3\u00adblica  - Ovelha perdida\" width=\"600\" height=\"338\" src=\"https:\/\/www.youtube.com\/embed\/-Fj4vxU1MaY?list=PLNlRgLhNKHifAxcK4dQO_asIAe3wM_1tO&amp;rel=0\" frameborder=\"0\" allow=\"accelerometer; autoplay; clipboard-write; encrypted-media; gyroscope; picture-in-picture; web-share\" referrerpolicy=\"strict-origin-when-cross-origin\" allowfullscreen><\/iframe><\/p>\n<p><iframe loading=\"lazy\" title=\"A ovelhinha e o Bom Pastor - Can\u00c3\u00a7\u00c3\u00a3o Nova Kids (Clipe Oficial)\" width=\"600\" height=\"338\" src=\"https:\/\/www.youtube.com\/embed\/ugaFHV8OiAM?feature=oembed&amp;rel=0\" frameborder=\"0\" allow=\"accelerometer; autoplay; clipboard-write; encrypted-media; gyroscope; picture-in-picture; web-share\" referrerpolicy=\"strict-origin-when-cross-origin\" allowfullscreen><\/iframe><\/p>\n<p><a href=\"https:\/\/blog.cancaonova.com\/paisecatequistas\/files\/2024\/04\/ovelhinha-e-o-pastor.pdf\"><img loading=\"lazy\" decoding=\"async\" class=\"wp-image-11772 alignnone\" src=\"http:\/\/blog.cancaonova.com\/paisecatequistas\/files\/2021\/04\/Miolo-Jojelinha37.jpg\" alt=\"\" width=\"966\" height=\"966\" srcset=\"https:\/\/blog.cancaonova.com\/paisecatequistas\/files\/2021\/04\/Miolo-Jojelinha37.jpg 2362w, https:\/\/blog.cancaonova.com\/paisecatequistas\/files\/2021\/04\/Miolo-Jojelinha37-150x150.jpg 150w, https:\/\/blog.cancaonova.com\/paisecatequistas\/files\/2021\/04\/Miolo-Jojelinha37-300x300.jpg 300w, https:\/\/blog.cancaonova.com\/paisecatequistas\/files\/2021\/04\/Miolo-Jojelinha37-768x768.jpg 768w\" sizes=\"(max-width: 966px) 100vw, 966px\" \/><\/a><\/p>\n<p>&nbsp;<\/p>\n<p>&nbsp;<\/p>\n<p>&nbsp;<\/p>\n<p>&nbsp;<\/p>\n","protected":false},"excerpt":{"rendered":"<p>No Evangelho de S\u00e3o Jo\u00e3o 10,11-18, lemos: &#8220;Naquele tempo, Jesus disse: Eu sou o bom Pastor. O bom Pastor d\u00e1 a sua vida por suas ovelhas. O mercen\u00e1rio, que n\u00e3o \u00e9 pastor e n\u00e3o \u00e9 dono das ovelhas, v\u00ea o&#8230;<\/p>\n","protected":false},"author":4340,"featured_media":17202,"comment_status":"open","ping_status":"open","sticky":false,"template":"","format":"standard","meta":{"_mi_skip_tracking":false,"_monsterinsights_sitenote_active":false,"_monsterinsights_sitenote_note":"","_monsterinsights_sitenote_category":0,"footnotes":""},"categories":[15521],"tags":[18181,15521,221,48,19865,17742,19133],"_links":{"self":[{"href":"https:\/\/blog.cancaonova.com\/paisecatequistas\/wp-json\/wp\/v2\/posts\/11750"}],"collection":[{"href":"https:\/\/blog.cancaonova.com\/paisecatequistas\/wp-json\/wp\/v2\/posts"}],"about":[{"href":"https:\/\/blog.cancaonova.com\/paisecatequistas\/wp-json\/wp\/v2\/types\/post"}],"author":[{"embeddable":true,"href":"https:\/\/blog.cancaonova.com\/paisecatequistas\/wp-json\/wp\/v2\/users\/4340"}],"replies":[{"embeddable":true,"href":"https:\/\/blog.cancaonova.com\/paisecatequistas\/wp-json\/wp\/v2\/comments?post=11750"}],"version-history":[{"count":13,"href":"https:\/\/blog.cancaonova.com\/paisecatequistas\/wp-json\/wp\/v2\/posts\/11750\/revisions"}],"predecessor-version":[{"id":17205,"href":"https:\/\/blog.cancaonova.com\/paisecatequistas\/wp-json\/wp\/v2\/posts\/11750\/revisions\/17205"}],"wp:featuredmedia":[{"embeddable":true,"href":"https:\/\/blog.cancaonova.com\/paisecatequistas\/wp-json\/wp\/v2\/media\/17202"}],"wp:attachment":[{"href":"https:\/\/blog.cancaonova.com\/paisecatequistas\/wp-json\/wp\/v2\/media?parent=11750"}],"wp:term":[{"taxonomy":"category","embeddable":true,"href":"https:\/\/blog.cancaonova.com\/paisecatequistas\/wp-json\/wp\/v2\/categories?post=11750"},{"taxonomy":"post_tag","embeddable":true,"href":"https:\/\/blog.cancaonova.com\/paisecatequistas\/wp-json\/wp\/v2\/tags?post=11750"}],"curies":[{"name":"wp","href":"https:\/\/api.w.org\/{rel}","templated":true}]}}