{"id":11786,"date":"2024-04-24T00:00:53","date_gmt":"2024-04-24T02:00:53","guid":{"rendered":"http:\/\/blog.cancaonova.com\/paisecatequistas\/?p=11786"},"modified":"2024-04-25T09:09:25","modified_gmt":"2024-04-25T11:09:25","slug":"5o-domingo-da-pascoa-eu-sou-videira-e-vos-sois-os-ramos","status":"publish","type":"post","link":"https:\/\/blog.cancaonova.com\/paisecatequistas\/5o-domingo-da-pascoa-eu-sou-videira-e-vos-sois-os-ramos\/","title":{"rendered":"5\u00ba Domingo da P\u00e1scoa: \"Eu sou a videira e v\u00f3s sois os ramos\""},"content":{"rendered":"<p style=\"text-align: left\"><strong>Evangelho de Jo\u00e3o 15,1-8:<br \/>\n<\/strong><br \/>\n<em><span class=\"tabulacao\">&#8220;Naquele tempo, Jesus disse a seus disc\u00edpulos:\u00a0<\/span><span class=\"tab_num\">\u2018Eu sou a videira verdadeira\u00a0<\/span><span class=\"tabulacao\">e meu Pai \u00e9 o agricultor.\u00a0<\/span><span class=\"tab_num\">Todo ramo que em mim n\u00e3o d\u00e1 fruto\u00a0<\/span><span class=\"tabulacao\">ele o corta;\u00a0<\/span><span class=\"tabulacao\">e todo ramo que d\u00e1 fruto,\u00a0<\/span><span class=\"tabulacao\">ele o limpa, para que d\u00ea mais fruto ainda.\u00a0<\/span><span class=\"tab_num\">V\u00f3s j\u00e1 estais limpos\u00a0<\/span><span class=\"tabulacao\">por causa da palavra que eu vos falei.\u00a0<\/span><span class=\"tab_num\">Permanecei em mim\u00a0<\/span><span class=\"tabulacao\">e eu permanecerei em v\u00f3s.\u00a0<\/span><span class=\"tabulacao\">Como o ramo n\u00e3o pode dar fruto por si mesmo,\u00a0<\/span><span class=\"tabulacao\">se n\u00e3o\u00a0 permanecer na videira,\u00a0<\/span><span class=\"tabulacao\">assim tamb\u00e9m v\u00f3s n\u00e3o podereis dar fruto,\u00a0<\/span><span class=\"tabulacao\">se n\u00e3o permanecerdes em mim.\u00a0<\/span><span class=\"tab_num\">Eu sou a videira\u00a0<\/span><span class=\"tabulacao\">e v\u00f3s os ramos.\u00a0<\/span><span class=\"tabulacao\">Aquele que permaneceu em mim, e eu nele,\u00a0<\/span><span class=\"tabulacao\">esse produz muito fruto;\u00a0<\/span><span class=\"tabulacao\">porque sem mim nada podeis fazer.\u00a0<\/span><span class=\"tab_num\">Quem n\u00e3o permanecer em mim,\u00a0<\/span><span class=\"tabulacao\">ser\u00e1 lan\u00e7ado fora como um ramo e secar\u00e1.\u00a0<\/span><span class=\"tabulacao\">Tais ramos s\u00e3o recolhidos,\u00a0<\/span><span class=\"tabulacao\">lan\u00e7ados no fogo e queimados.\u00a0<\/span><span class=\"tab_num\">Se permanecerdes em mim\u00a0<\/span><span class=\"tabulacao\">e minhas palavras permanecerem em v\u00f3s,\u00a0<\/span><span class=\"tabulacao\">pedi o que quiserdes\u00a0<\/span><span class=\"tabulacao\">e v\u00f3s ser\u00e1 dado.\u00a0<\/span><span class=\"tab_num\">Nisto meu Pai \u00e9 glorificado:\u00a0<\/span><span class=\"tabulacao\">que deis muito fruto\u00a0<\/span><span class=\"tabulacao\">e vos torneis meus disc\u00edpulos.&#8221;<\/span><\/em><\/p>\n<p><a href=\"http:\/\/blog.cancaonova.com\/paisecatequistas\/files\/2024\/04\/hq-videira.jpg\"><img loading=\"lazy\" decoding=\"async\" class=\"alignright size-full wp-image-17251\" src=\"http:\/\/blog.cancaonova.com\/paisecatequistas\/files\/2024\/04\/hq-videira.jpg\" alt=\"\" width=\"1414\" height=\"2000\" srcset=\"https:\/\/blog.cancaonova.com\/paisecatequistas\/files\/2024\/04\/hq-videira.jpg 1414w, https:\/\/blog.cancaonova.com\/paisecatequistas\/files\/2024\/04\/hq-videira-212x300.jpg 212w, https:\/\/blog.cancaonova.com\/paisecatequistas\/files\/2024\/04\/hq-videira-768x1086.jpg 768w\" sizes=\"(max-width: 1414px) 100vw, 1414px\" \/><\/a><\/p>\n<p>&nbsp;<\/p>\n<p><strong>CLIQUE<\/strong> para acessar a atividade<\/p>\n<p><a href=\"https:\/\/blog.cancaonova.com\/paisecatequistas\/files\/2024\/04\/atividade-videira1.pdf\"><img loading=\"lazy\" decoding=\"async\" class=\"wp-image-17249 alignnone\" src=\"http:\/\/blog.cancaonova.com\/paisecatequistas\/files\/2024\/04\/atividade-videira1.jpg\" alt=\"\" width=\"816\" height=\"1154\" srcset=\"https:\/\/blog.cancaonova.com\/paisecatequistas\/files\/2024\/04\/atividade-videira1.jpg 1414w, https:\/\/blog.cancaonova.com\/paisecatequistas\/files\/2024\/04\/atividade-videira1-212x300.jpg 212w, https:\/\/blog.cancaonova.com\/paisecatequistas\/files\/2024\/04\/atividade-videira1-768x1086.jpg 768w\" sizes=\"(max-width: 816px) 100vw, 816px\" \/><\/a><\/p>\n<p>&nbsp;<\/p>\n<p>&nbsp;<\/p>\n<p>&nbsp;<\/p>\n<p>&nbsp;<\/p>\n<p>&nbsp;<\/p>\n<p>&nbsp;<\/p>\n<p>&nbsp;<\/p>\n<p>&nbsp;<\/p>\n<p>&nbsp;<\/p>\n<p>&nbsp;<\/p>\n<p>&nbsp;<\/p>\n<p>&nbsp;<\/p>\n<p>&nbsp;<\/p>\n<p>&nbsp;<\/p>\n<p>&nbsp;<\/p>\n<p>&nbsp;<\/p>\n<p>&nbsp;<\/p>\n<p>&nbsp;<\/p>\n<p>&nbsp;<\/p>\n<p>&nbsp;<\/p>\n<p>&nbsp;<\/p>\n<p>&nbsp;<\/p>\n<p>&nbsp;<\/p>\n<p>&nbsp;<\/p>\n<p>&nbsp;<\/p>\n<p>&nbsp;<\/p>\n<p>&nbsp;<\/p>\n<p>&nbsp;<\/p>\n<p>&nbsp;<\/p>\n<p>&nbsp;<\/p>\n<p>&nbsp;<\/p>\n<p>&nbsp;<\/p>\n","protected":false},"excerpt":{"rendered":"<p>Evangelho de Jo\u00e3o 15,1-8<br \/>\nNaquele tempo, Jesus disse a seus disc\u00edpulos:\u00a0\u2018Eu sou a videira verdadeira<br \/>\ne meu Pai \u00e9 o agricultor.<br \/>\nTodo ramo que em mim n\u00e3o d\u00e1 fruto\u00a0ele o corta;\u00a0e todo ramo que d\u00e1 fruto,\u00a0ele o limpa, para que d\u00ea mais fruto ainda.<br \/>\nV\u00f3s j\u00e1 estais limpos\u00a0por causa da palavra que eu vos falei.<br \/>\nPermanecei em mim\u00a0e eu permanecerei em v\u00f3s. <a href=\"https:\/\/blog.cancaonova.com\/paisecatequistas\/5o-domingo-da-pascoa-eu-sou-videira-e-vos-sois-os-ramos\/\">Continue lendo <span class=\"meta-nav\">&rarr;<\/span><\/a><\/p>\n","protected":false},"author":4340,"featured_media":17245,"comment_status":"open","ping_status":"open","sticky":false,"template":"","format":"standard","meta":{"_mi_skip_tracking":false,"_monsterinsights_sitenote_active":false,"_monsterinsights_sitenote_note":"","_monsterinsights_sitenote_category":0,"footnotes":""},"categories":[200710,15521],"tags":[289634,16672,18310,16595,221,192567,102444],"_links":{"self":[{"href":"https:\/\/blog.cancaonova.com\/paisecatequistas\/wp-json\/wp\/v2\/posts\/11786"}],"collection":[{"href":"https:\/\/blog.cancaonova.com\/paisecatequistas\/wp-json\/wp\/v2\/posts"}],"about":[{"href":"https:\/\/blog.cancaonova.com\/paisecatequistas\/wp-json\/wp\/v2\/types\/post"}],"author":[{"embeddable":true,"href":"https:\/\/blog.cancaonova.com\/paisecatequistas\/wp-json\/wp\/v2\/users\/4340"}],"replies":[{"embeddable":true,"href":"https:\/\/blog.cancaonova.com\/paisecatequistas\/wp-json\/wp\/v2\/comments?post=11786"}],"version-history":[{"count":9,"href":"https:\/\/blog.cancaonova.com\/paisecatequistas\/wp-json\/wp\/v2\/posts\/11786\/revisions"}],"predecessor-version":[{"id":17231,"href":"https:\/\/blog.cancaonova.com\/paisecatequistas\/wp-json\/wp\/v2\/posts\/11786\/revisions\/17231"}],"wp:featuredmedia":[{"embeddable":true,"href":"https:\/\/blog.cancaonova.com\/paisecatequistas\/wp-json\/wp\/v2\/media\/17245"}],"wp:attachment":[{"href":"https:\/\/blog.cancaonova.com\/paisecatequistas\/wp-json\/wp\/v2\/media?parent=11786"}],"wp:term":[{"taxonomy":"category","embeddable":true,"href":"https:\/\/blog.cancaonova.com\/paisecatequistas\/wp-json\/wp\/v2\/categories?post=11786"},{"taxonomy":"post_tag","embeddable":true,"href":"https:\/\/blog.cancaonova.com\/paisecatequistas\/wp-json\/wp\/v2\/tags?post=11786"}],"curies":[{"name":"wp","href":"https:\/\/api.w.org\/{rel}","templated":true}]}}