{"id":12056,"date":"2023-06-21T00:00:54","date_gmt":"2023-06-21T02:00:54","guid":{"rendered":"http:\/\/blog.cancaonova.com\/paisecatequistas\/?p=12056"},"modified":"2024-05-28T11:56:30","modified_gmt":"2024-05-28T13:56:30","slug":"sao-luiz-gonzaga-patrono-da-juventude","status":"publish","type":"post","link":"https:\/\/blog.cancaonova.com\/paisecatequistas\/sao-luiz-gonzaga-patrono-da-juventude\/","title":{"rendered":"S\u00e3o Lu\u00eds Gonzaga, patrono da juventude"},"content":{"rendered":"<p>Por que Lu\u00eds Gonzaga foi escolhido pela Igreja para ser o<strong>\u00a0padroeiro da Juventude<\/strong>? Porque ele morreu jovem, com 23 anos. Porque ele era inteligente, descolado.<\/p>\n<p>Um pouco disso e muito mais: ele sabia o que queria e ningu\u00e9m fazia sua cabe\u00e7a\u2026 Lu\u00eds disse um dia: <strong>\u201c<em>Deus me deu a gra\u00e7a de n\u00e3o pensar sen\u00e3o no que quero\u201d.\u00a0<\/em><\/strong>Ele era apaixonado por Deus! Olha o que ele falou a um amigo: <strong>\u201c<em>O Deus que me chama \u00e9 Amor\u201d.<\/em><\/strong><\/p>\n<p>Ele n\u00e3o foi o rei do bai\u00e3o, como o nosso Lu\u00eds Gonzaga brasileiro, mas foi o cara que disse:<\/p>\n<p><em><strong>\u201cDeus me deu a gra\u00e7a de n\u00e3o pensar, sen\u00e3o no que quero.\u201d<\/strong><\/em><\/p>\n<p>E a receita para isso ele mesmo contou: <em><strong>com ORA\u00c7\u00c3O<\/strong><strong>!<\/strong><\/em><\/p>\n<p><em><strong>&#8220;Aquele que n\u00e3o \u00e9 homem de ora\u00e7\u00e3o n\u00e3o triunfar\u00e1 jamais sobre si mesmo.\u201d<a href=\"http:\/\/blog.cancaonova.com\/paisecatequistas\/files\/2021\/06\/21-06-s\u00e3o-lu\u00eds-gonzaga.png\"><img loading=\"lazy\" decoding=\"async\" class=\"wp-image-12058 alignnone\" src=\"http:\/\/blog.cancaonova.com\/paisecatequistas\/files\/2021\/06\/21-06-s\u00e3o-lu\u00eds-gonzaga.png\" alt=\"\" width=\"667\" height=\"667\" srcset=\"https:\/\/blog.cancaonova.com\/paisecatequistas\/files\/2021\/06\/21-06-s\u00e3o-lu\u00eds-gonzaga.png 1200w, https:\/\/blog.cancaonova.com\/paisecatequistas\/files\/2021\/06\/21-06-s\u00e3o-lu\u00eds-gonzaga-150x150.png 150w, https:\/\/blog.cancaonova.com\/paisecatequistas\/files\/2021\/06\/21-06-s\u00e3o-lu\u00eds-gonzaga-300x300.png 300w, https:\/\/blog.cancaonova.com\/paisecatequistas\/files\/2021\/06\/21-06-s\u00e3o-lu\u00eds-gonzaga-768x768.png 768w\" sizes=\"(max-width: 667px) 100vw, 667px\" \/><\/a><\/strong><\/em><\/p>\n<p>A adolesc\u00eancia de S\u00e3o Lu\u00eds Gonzaga\u00a0passou de castelo em castelo, de corte em corte, de festa em festa, mas sempre guardou o cora\u00e7\u00e3o em Deus. Aos 12 anos, gostava de ficar um temp\u00e3o adorando Jesus, olhando para o Sant\u00edssimo em contempla\u00e7\u00e3o.<\/p>\n<p>Um dia, leu um livro de mission\u00e1rios jesu\u00edtas na \u00cdndia e descobriu o que queria da vida: ser jesu\u00edta. Ele reuniu um grupo de meninos pobres e come\u00e7ou a ensin\u00e1-los o Catecismo durante os feriados de ver\u00e3o.<\/p>\n<p>O pai de Lu\u00eds foi escolhido para servir a Imperatriz Maria da \u00c1ustria na sua viagem \u00e0 Espanha. E Lu\u00eds, que tinha quase a mesma idade do pr\u00edncipe, foi encarregado de o pajear e estudar com ele. N\u00e3o foi nada f\u00e1cil conseguir de seu pai marqu\u00eas que o deixasse seguir sua voca\u00e7\u00e3o. Ficou um ano pedindo e fazendo penit\u00eancias.<\/p>\n<p>Luiz tinha muita amizade com seu Anjo da Guarda, gostava de rezar: \u201c<strong><em>Santo Anjo de Deus, que sois a minha guarda e a quem eu fui confiado por celestial piedade, iluminai-me, guardai-me, regei-me, governai-me. Am\u00e9m!\u201d.<\/em><\/strong><\/p>\n<p>Quando seu pai permitiu, Lu\u00eds renunciou a todos os seus direitos, heran\u00e7a e t\u00edtulos reais em favor do irm\u00e3o. Entrou no noviciado da Companhia de Jesus, em Roma, com apenas 17 anos.<\/p>\n<div>\n<p>No convento, era bom aluno, alegre, e os outros seminaristas gostavam de ficar perto dele porque tudo que falava era interessante. Sendo filho de marqu\u00eas, saia com os colegas para pedir esmolas para o convento. Dizia:<\/p>\n<p><em><strong>\u201cTenho, diante dos olhos, Jesus Cristo humilhado pelos pecados dos homens, e a recompensa eterna que Ele d\u00e1 \u00e0queles que se rebaixam por amor a Deus.\u201d<\/strong><\/em><\/p>\n<p>Lu\u00eds morreu com 23 anos porque cuidou de uns doentes com um v\u00edrus que era incur\u00e1vel na \u00e9poca, e acabou infectado. O dia de S\u00e3o Lu\u00eds Gonzaga \u00e9 21 de junho.<\/p>\n<p>S\u00e3o Lu\u00eds Gonzaga, rogai por n\u00f3s!<\/p>\n<\/div>\n","protected":false},"excerpt":{"rendered":"<p>Por que Lu\u00eds Gonzaga foi escolhido pela Igreja para ser o\u00a0padroeiro da Juventude? Porque ele morreu jovem, com 23 anos. Porque ele era inteligente, descolado. Um pouco disso e muito mais: ele sabia o que queria e ningu\u00e9m fazia sua&#8230;<\/p>\n","protected":false},"author":4340,"featured_media":17463,"comment_status":"open","ping_status":"open","sticky":false,"template":"","format":"standard","meta":{"_mi_skip_tracking":false,"_monsterinsights_sitenote_active":false,"_monsterinsights_sitenote_note":"","_monsterinsights_sitenote_category":0,"footnotes":""},"categories":[271],"tags":[],"_links":{"self":[{"href":"https:\/\/blog.cancaonova.com\/paisecatequistas\/wp-json\/wp\/v2\/posts\/12056"}],"collection":[{"href":"https:\/\/blog.cancaonova.com\/paisecatequistas\/wp-json\/wp\/v2\/posts"}],"about":[{"href":"https:\/\/blog.cancaonova.com\/paisecatequistas\/wp-json\/wp\/v2\/types\/post"}],"author":[{"embeddable":true,"href":"https:\/\/blog.cancaonova.com\/paisecatequistas\/wp-json\/wp\/v2\/users\/4340"}],"replies":[{"embeddable":true,"href":"https:\/\/blog.cancaonova.com\/paisecatequistas\/wp-json\/wp\/v2\/comments?post=12056"}],"version-history":[{"count":16,"href":"https:\/\/blog.cancaonova.com\/paisecatequistas\/wp-json\/wp\/v2\/posts\/12056\/revisions"}],"predecessor-version":[{"id":17466,"href":"https:\/\/blog.cancaonova.com\/paisecatequistas\/wp-json\/wp\/v2\/posts\/12056\/revisions\/17466"}],"wp:featuredmedia":[{"embeddable":true,"href":"https:\/\/blog.cancaonova.com\/paisecatequistas\/wp-json\/wp\/v2\/media\/17463"}],"wp:attachment":[{"href":"https:\/\/blog.cancaonova.com\/paisecatequistas\/wp-json\/wp\/v2\/media?parent=12056"}],"wp:term":[{"taxonomy":"category","embeddable":true,"href":"https:\/\/blog.cancaonova.com\/paisecatequistas\/wp-json\/wp\/v2\/categories?post=12056"},{"taxonomy":"post_tag","embeddable":true,"href":"https:\/\/blog.cancaonova.com\/paisecatequistas\/wp-json\/wp\/v2\/tags?post=12056"}],"curies":[{"name":"wp","href":"https:\/\/api.w.org\/{rel}","templated":true}]}}