{"id":12154,"date":"2023-07-10T00:00:18","date_gmt":"2023-07-10T02:00:18","guid":{"rendered":"http:\/\/blog.cancaonova.com\/paisecatequistas\/?p=12154"},"modified":"2023-07-10T11:36:56","modified_gmt":"2023-07-10T13:36:56","slug":"sao-bento-uma-vida-de-coragem","status":"publish","type":"post","link":"https:\/\/blog.cancaonova.com\/paisecatequistas\/sao-bento-uma-vida-de-coragem\/","title":{"rendered":"S\u00e3o Bento, uma vida de coragem"},"content":{"rendered":"<p>Um jovem corajoso, um amigo e monge santo!<\/p>\n<p>Foi em um momento muito importante, na sua juventude, que Bento fez suas maiores escolhas. Por isso \u00e9 essencial que as crian\u00e7as, adolescentes e jovens tenham exemplos e testemunhos que os impulsionem a fazer boas escolhas na vida. Este \u00e9 um texto dirigido a todos, mas especialmente aos pr\u00e9-adolescentes, para que possam encontrar em S\u00e3o Bento uma refer\u00eancia e assim aprender a superar as v\u00e1rias dificuldades da vida. Com ele voc\u00ea ir\u00e1 aprender a crescer no amor a Jesus Cristo, que \u00e9 modelo supremo de amor.<\/p>\n<p>Este livro foi escrito por Tatiana Ferreira com muito carinho para que toda crian\u00e7a, adolescente e jovem tenham a oportunidade de ter\u00a0 <em>&#8220;uma vida de coragem&#8221;.<\/em><\/p>\n<p><iframe loading=\"lazy\" title=\"Livro: S\u00c3\u00a3o Bento Uma vida de coragem\" width=\"600\" height=\"338\" src=\"https:\/\/www.youtube.com\/embed\/SmxmIxWUGmw?feature=oembed&amp;rel=0\" frameborder=\"0\" allow=\"accelerometer; autoplay; clipboard-write; encrypted-media; gyroscope; picture-in-picture; web-share\" referrerpolicy=\"strict-origin-when-cross-origin\" allowfullscreen><\/iframe><\/p>\n<p>Acesse <a href=\"https:\/\/loja.cancaonova.com\/livro-sao-bento-uma-vida-de-coragem\">\u00a0Loja Can\u00e7\u00e3o Nova<\/a> e presenteie a crian\u00e7a, o adolescente e o jovem que voc\u00ea ama.<\/p>\n<p><a href=\"https:\/\/loja.cancaonova.com\/livro-sao-bento-uma-vida-de-coragem\"><img loading=\"lazy\" decoding=\"async\" class=\"wp-image-14532 alignnone\" src=\"http:\/\/blog.cancaonova.com\/paisecatequistas\/files\/2021\/07\/Mockup-LV-S\u00e3o-Bento-3.png\" alt=\"\" width=\"559\" height=\"770\" srcset=\"https:\/\/blog.cancaonova.com\/paisecatequistas\/files\/2021\/07\/Mockup-LV-S\u00e3o-Bento-3.png 1161w, https:\/\/blog.cancaonova.com\/paisecatequistas\/files\/2021\/07\/Mockup-LV-S\u00e3o-Bento-3-218x300.png 218w, https:\/\/blog.cancaonova.com\/paisecatequistas\/files\/2021\/07\/Mockup-LV-S\u00e3o-Bento-3-768x1058.png 768w\" sizes=\"(max-width: 559px) 100vw, 559px\" \/><\/a><\/p>\n<p>Vamos colorir?<\/p>\n<p>&nbsp;<\/p>\n<p><a href=\"https:\/\/blog.cancaonova.com\/paisecatequistas\/files\/2023\/07\/08-S%C3%A3o-Bento.pdf\"><img loading=\"lazy\" decoding=\"async\" class=\"wp-image-14533 alignnone\" src=\"http:\/\/blog.cancaonova.com\/paisecatequistas\/files\/2021\/07\/08-S\u00e3o-Bento.jpg\" alt=\"\" width=\"873\" height=\"643\" srcset=\"https:\/\/blog.cancaonova.com\/paisecatequistas\/files\/2021\/07\/08-S\u00e3o-Bento.jpg 3366w, https:\/\/blog.cancaonova.com\/paisecatequistas\/files\/2021\/07\/08-S\u00e3o-Bento-300x221.jpg 300w, https:\/\/blog.cancaonova.com\/paisecatequistas\/files\/2021\/07\/08-S\u00e3o-Bento-768x566.jpg 768w\" sizes=\"(max-width: 873px) 100vw, 873px\" \/><\/a><\/p>\n<p>&nbsp;<\/p>\n","protected":false},"excerpt":{"rendered":"<p>Um jovem corajoso, um amigo e monge santo! Foi em um momento muito importante, na sua juventude, que Bento fez suas maiores escolhas. Por isso \u00e9 essencial que as crian\u00e7as, adolescentes e jovens tenham exemplos e testemunhos que os impulsionem&#8230;<\/p>\n","protected":false},"author":4340,"featured_media":14534,"comment_status":"open","ping_status":"open","sticky":false,"template":"","format":"standard","meta":{"_mi_skip_tracking":false,"_monsterinsights_sitenote_active":false,"_monsterinsights_sitenote_note":"","_monsterinsights_sitenote_category":0,"footnotes":""},"categories":[15521,271],"tags":[5831,20110],"_links":{"self":[{"href":"https:\/\/blog.cancaonova.com\/paisecatequistas\/wp-json\/wp\/v2\/posts\/12154"}],"collection":[{"href":"https:\/\/blog.cancaonova.com\/paisecatequistas\/wp-json\/wp\/v2\/posts"}],"about":[{"href":"https:\/\/blog.cancaonova.com\/paisecatequistas\/wp-json\/wp\/v2\/types\/post"}],"author":[{"embeddable":true,"href":"https:\/\/blog.cancaonova.com\/paisecatequistas\/wp-json\/wp\/v2\/users\/4340"}],"replies":[{"embeddable":true,"href":"https:\/\/blog.cancaonova.com\/paisecatequistas\/wp-json\/wp\/v2\/comments?post=12154"}],"version-history":[{"count":9,"href":"https:\/\/blog.cancaonova.com\/paisecatequistas\/wp-json\/wp\/v2\/posts\/12154\/revisions"}],"predecessor-version":[{"id":19201,"href":"https:\/\/blog.cancaonova.com\/paisecatequistas\/wp-json\/wp\/v2\/posts\/12154\/revisions\/19201"}],"wp:featuredmedia":[{"embeddable":true,"href":"https:\/\/blog.cancaonova.com\/paisecatequistas\/wp-json\/wp\/v2\/media\/14534"}],"wp:attachment":[{"href":"https:\/\/blog.cancaonova.com\/paisecatequistas\/wp-json\/wp\/v2\/media?parent=12154"}],"wp:term":[{"taxonomy":"category","embeddable":true,"href":"https:\/\/blog.cancaonova.com\/paisecatequistas\/wp-json\/wp\/v2\/categories?post=12154"},{"taxonomy":"post_tag","embeddable":true,"href":"https:\/\/blog.cancaonova.com\/paisecatequistas\/wp-json\/wp\/v2\/tags?post=12154"}],"curies":[{"name":"wp","href":"https:\/\/api.w.org\/{rel}","templated":true}]}}