{"id":12298,"date":"2023-06-05T00:00:23","date_gmt":"2023-06-05T02:00:23","guid":{"rendered":"http:\/\/blog.cancaonova.com\/paisecatequistas\/?p=12298"},"modified":"2023-08-14T12:48:22","modified_gmt":"2023-08-14T14:48:22","slug":"vamos-brincar-em-familia","status":"publish","type":"post","link":"https:\/\/blog.cancaonova.com\/paisecatequistas\/vamos-brincar-em-familia\/","title":{"rendered":"Brincar em fam\u00edlia"},"content":{"rendered":"<p>A fam\u00edlia que reza, canta, brinca unida, permanece unida, pois o Papa Francisco diz:<\/p>\n<p><em>\u201cO Evangelho da fam\u00edlia \u00e9, verdadeiramente, alegria para o mundo, visto que l\u00e1, nas nossas fam\u00edlias, sempre se pode encontrar Jesus; l\u00e1 habita, em simplicidade e pobreza, como fez na casa da Sagrada Fam\u00edlia de Nazar\u00e9.\u201d<\/em><\/p>\n<p>Ah, quanta vida e alegria deveria haver na Casa de Nazar\u00e9!<\/p>\n<p>Que tal preparar esse jogo, reunir a fam\u00edlia e brincar?<\/p>\n<p><img loading=\"lazy\" decoding=\"async\" class=\"size-full wp-image-12299 alignnone\" src=\"http:\/\/blog.cancaonova.com\/paisecatequistas\/files\/2021\/08\/jogo-da-familia.jpg\" alt=\"\" width=\"766\" height=\"581\" srcset=\"https:\/\/blog.cancaonova.com\/paisecatequistas\/files\/2021\/08\/jogo-da-familia.jpg 766w, https:\/\/blog.cancaonova.com\/paisecatequistas\/files\/2021\/08\/jogo-da-familia-300x228.jpg 300w\" sizes=\"(max-width: 766px) 100vw, 766px\" \/><\/p>\n<p>Em fam\u00edlia, que tal assistir um lindo kairos com o tema: Deus criador da fam\u00edlia?<\/p>\n<p>Re\u00fana a fam\u00edlia e preparem-se para rezar cantar e dan\u00e7ar<\/p>\n<p><iframe loading=\"lazy\" title=\"Kair\u00c3\u00b3s Kids - Deus criador da fam\u00c3\u00adlia\" width=\"600\" height=\"338\" src=\"https:\/\/www.youtube.com\/embed\/3xYzOMUuLqI?feature=oembed&amp;rel=0\" frameborder=\"0\" allow=\"accelerometer; autoplay; clipboard-write; encrypted-media; gyroscope; picture-in-picture; web-share\" referrerpolicy=\"strict-origin-when-cross-origin\" allowfullscreen><\/iframe><\/p>\n<p>&nbsp;<\/p>\n","protected":false},"excerpt":{"rendered":"<p>A fam\u00edlia que reza, canta, brinca unida, permanece unida, pois o Papa Francisco diz: \u201cO Evangelho da fam\u00edlia \u00e9, verdadeiramente, alegria para o mundo, visto que l\u00e1, nas nossas fam\u00edlias, sempre se pode encontrar Jesus; l\u00e1 habita, em simplicidade e&#8230;<\/p>\n","protected":false},"author":4340,"featured_media":14061,"comment_status":"open","ping_status":"open","sticky":false,"template":"","format":"standard","meta":{"_mi_skip_tracking":false,"_monsterinsights_sitenote_active":false,"_monsterinsights_sitenote_note":"","_monsterinsights_sitenote_category":0,"footnotes":""},"categories":[16089],"tags":[16672,17149,40,46404,221,27311,142291,9941],"_links":{"self":[{"href":"https:\/\/blog.cancaonova.com\/paisecatequistas\/wp-json\/wp\/v2\/posts\/12298"}],"collection":[{"href":"https:\/\/blog.cancaonova.com\/paisecatequistas\/wp-json\/wp\/v2\/posts"}],"about":[{"href":"https:\/\/blog.cancaonova.com\/paisecatequistas\/wp-json\/wp\/v2\/types\/post"}],"author":[{"embeddable":true,"href":"https:\/\/blog.cancaonova.com\/paisecatequistas\/wp-json\/wp\/v2\/users\/4340"}],"replies":[{"embeddable":true,"href":"https:\/\/blog.cancaonova.com\/paisecatequistas\/wp-json\/wp\/v2\/comments?post=12298"}],"version-history":[{"count":10,"href":"https:\/\/blog.cancaonova.com\/paisecatequistas\/wp-json\/wp\/v2\/posts\/12298\/revisions"}],"predecessor-version":[{"id":15061,"href":"https:\/\/blog.cancaonova.com\/paisecatequistas\/wp-json\/wp\/v2\/posts\/12298\/revisions\/15061"}],"wp:featuredmedia":[{"embeddable":true,"href":"https:\/\/blog.cancaonova.com\/paisecatequistas\/wp-json\/wp\/v2\/media\/14061"}],"wp:attachment":[{"href":"https:\/\/blog.cancaonova.com\/paisecatequistas\/wp-json\/wp\/v2\/media?parent=12298"}],"wp:term":[{"taxonomy":"category","embeddable":true,"href":"https:\/\/blog.cancaonova.com\/paisecatequistas\/wp-json\/wp\/v2\/categories?post=12298"},{"taxonomy":"post_tag","embeddable":true,"href":"https:\/\/blog.cancaonova.com\/paisecatequistas\/wp-json\/wp\/v2\/tags?post=12298"}],"curies":[{"name":"wp","href":"https:\/\/api.w.org\/{rel}","templated":true}]}}