{"id":12320,"date":"2021-08-13T08:00:17","date_gmt":"2021-08-13T10:00:17","guid":{"rendered":"http:\/\/blog.cancaonova.com\/paisecatequistas\/?p=12320"},"modified":"2021-08-09T11:23:22","modified_gmt":"2021-08-09T13:23:22","slug":"santa-dulce-dos-pobres","status":"publish","type":"post","link":"https:\/\/blog.cancaonova.com\/paisecatequistas\/santa-dulce-dos-pobres\/","title":{"rendered":"13 de agosto - Santa Dulce dos Pobres"},"content":{"rendered":"<p><span style=\"font-weight: 400\">Santa Dulce dos Pobres, assim ficou conhecida Irm\u00e3 Dulce. Nasceu na\u00a0<\/span><span style=\"font-weight: 400\">Bahia em 1914. Seu nome era Maria Rita, mas mudou para Irm\u00e3 Dulce quando entrou no convento com 19 anos. Desde pequena ela j\u00e1 gostava muito de ajudar os pobres. Chegou a transformar sua casa num lugar de acolhimento aos moradores de rua.<\/span><\/p>\n<p><span style=\"font-weight: 400\">Dedicou toda sua vida para ajudar os pobres <\/span><span style=\"font-weight: 400\">e doentes, e po<\/span><span style=\"font-weight: 400\">r isso ficou conhecida como \u201c O anjo bom da Bahia\u201d. Ela era muito simples e humilde, e por isso todo mundo gostava dela!\u00a0<\/span><\/p>\n<p><span style=\"font-weight: 400\">S\u00e3o Jo\u00e3o Paulo II, quando ainda era Papa, esteve com ela. Madre Teresa de Calcut\u00e1 tamb\u00e9m j\u00e1 a encontrou. Sabe mais quem? Padre Jonas Abib! Eles tem at\u00e9 uma foto juntos!<\/span><\/p>\n<p><span style=\"font-weight: 400\">Ela morreu bem <\/span><span style=\"font-weight: 400\">velhinha, com 77<\/span><span style=\"font-weight: 400\"> anos, mas deixou muitos frutos na terra! Ela era professora ent\u00e3o amava cuidar das crian\u00e7as, hoje existe o projeto \u201cObras Sociais de Irm\u00e3 Dulce\u201d e nele tem v\u00e1rias obras lindas como escolas, hospitais, e locais de atendimento aos pobres.<\/span>Dia 13 de agosto \u00e9 a festa lit\u00fargica de Santa Dulce dos Pobres.<\/p>\n<p><a href=\"http:\/\/blog.cancaonova.com\/paisecatequistas\/files\/2021\/08\/santa-dulce-dos-pobres.png\"><img loading=\"lazy\" decoding=\"async\" class=\"wp-image-12321 alignnone\" src=\"http:\/\/blog.cancaonova.com\/paisecatequistas\/files\/2021\/08\/santa-dulce-dos-pobres.png\" alt=\"\" width=\"344\" height=\"439\" srcset=\"https:\/\/blog.cancaonova.com\/paisecatequistas\/files\/2021\/08\/santa-dulce-dos-pobres.png 988w, https:\/\/blog.cancaonova.com\/paisecatequistas\/files\/2021\/08\/santa-dulce-dos-pobres-234x300.png 234w, https:\/\/blog.cancaonova.com\/paisecatequistas\/files\/2021\/08\/santa-dulce-dos-pobres-768x983.png 768w\" sizes=\"(max-width: 344px) 100vw, 344px\" \/><\/a><\/p>\n<p>S<span style=\"font-weight: 400\">anta Dulce dos Pobres, rogai por n\u00f3s!\u00a0<\/span><\/p>\n<p><span style=\"color: #0000ff\"><strong>Vamos recortar e brincar?<\/strong><\/span><\/p>\n<p><a href=\"http:\/\/blog.cancaonova.com\/paisecatequistas\/files\/2021\/08\/Santa-dulce-figurinha.jpg\"><img loading=\"lazy\" decoding=\"async\" class=\"wp-image-12325 alignnone\" src=\"http:\/\/blog.cancaonova.com\/paisecatequistas\/files\/2021\/08\/Santa-dulce-figurinha.jpg\" alt=\"\" width=\"1127\" height=\"1713\" srcset=\"https:\/\/blog.cancaonova.com\/paisecatequistas\/files\/2021\/08\/Santa-dulce-figurinha.jpg 1594w, https:\/\/blog.cancaonova.com\/paisecatequistas\/files\/2021\/08\/Santa-dulce-figurinha-198x300.jpg 198w, https:\/\/blog.cancaonova.com\/paisecatequistas\/files\/2021\/08\/Santa-dulce-figurinha-768x1166.jpg 768w\" sizes=\"(max-width: 1127px) 100vw, 1127px\" \/><\/a><\/p>\n<p><a href=\"http:\/\/blog.cancaonova.com\/paisecatequistas\/files\/2021\/08\/Santa-Dulce-dos-Pobres-c\u00f3pia.jpg\"><img loading=\"lazy\" decoding=\"async\" class=\"wp-image-12327 alignnone\" src=\"http:\/\/blog.cancaonova.com\/paisecatequistas\/files\/2021\/08\/Santa-Dulce-dos-Pobres-c\u00f3pia.jpg\" alt=\"\" width=\"1138\" height=\"1686\" srcset=\"https:\/\/blog.cancaonova.com\/paisecatequistas\/files\/2021\/08\/Santa-Dulce-dos-Pobres-c\u00f3pia.jpg 1713w, https:\/\/blog.cancaonova.com\/paisecatequistas\/files\/2021\/08\/Santa-Dulce-dos-Pobres-c\u00f3pia-202x300.jpg 202w, https:\/\/blog.cancaonova.com\/paisecatequistas\/files\/2021\/08\/Santa-Dulce-dos-Pobres-c\u00f3pia-768x1138.jpg 768w\" sizes=\"(max-width: 1138px) 100vw, 1138px\" \/><\/a><\/p>\n<p><a href=\"http:\/\/blog.cancaonova.com\/paisecatequistas\/files\/2021\/08\/santa-dulce-boneca.jpg\"><img loading=\"lazy\" decoding=\"async\" class=\"wp-image-12328 alignnone\" src=\"http:\/\/blog.cancaonova.com\/paisecatequistas\/files\/2021\/08\/santa-dulce-boneca.jpg\" alt=\"\" width=\"1172\" height=\"1781\" srcset=\"https:\/\/blog.cancaonova.com\/paisecatequistas\/files\/2021\/08\/santa-dulce-boneca.jpg 1594w, https:\/\/blog.cancaonova.com\/paisecatequistas\/files\/2021\/08\/santa-dulce-boneca-198x300.jpg 198w, https:\/\/blog.cancaonova.com\/paisecatequistas\/files\/2021\/08\/santa-dulce-boneca-768x1166.jpg 768w\" sizes=\"(max-width: 1172px) 100vw, 1172px\" \/><\/a><\/p>\n<p><a href=\"http:\/\/blog.cancaonova.com\/paisecatequistas\/files\/2021\/08\/Santa-Dulce-dos-Pobres-colorir.jpg\"><img loading=\"lazy\" decoding=\"async\" class=\"wp-image-12329 alignnone\" src=\"http:\/\/blog.cancaonova.com\/paisecatequistas\/files\/2021\/08\/Santa-Dulce-dos-Pobres-colorir.jpg\" alt=\"\" width=\"1189\" height=\"876\" srcset=\"https:\/\/blog.cancaonova.com\/paisecatequistas\/files\/2021\/08\/Santa-Dulce-dos-Pobres-colorir.jpg 3366w, https:\/\/blog.cancaonova.com\/paisecatequistas\/files\/2021\/08\/Santa-Dulce-dos-Pobres-colorir-300x221.jpg 300w, https:\/\/blog.cancaonova.com\/paisecatequistas\/files\/2021\/08\/Santa-Dulce-dos-Pobres-colorir-768x566.jpg 768w\" sizes=\"(max-width: 1189px) 100vw, 1189px\" \/><\/a><\/p>\n<p>&nbsp;<\/p>\n<p>&nbsp;<\/p>\n","protected":false},"excerpt":{"rendered":"<p>Santa Dulce dos Pobres, assim ficou conhecida Irm\u00e3 Dulce. Nasceu na\u00a0Bahia em 1914. Seu nome era Maria Rita, mas mudou para Irm\u00e3 Dulce quando entrou no convento com 19 anos. Desde pequena ela j\u00e1 gostava muito de ajudar os pobres&#8230;.<\/p>\n","protected":false},"author":4340,"featured_media":12330,"comment_status":"open","ping_status":"open","sticky":false,"template":"","format":"standard","meta":{"_mi_skip_tracking":false,"_monsterinsights_sitenote_active":false,"_monsterinsights_sitenote_note":"","_monsterinsights_sitenote_category":0,"footnotes":""},"categories":[271],"tags":[201009],"_links":{"self":[{"href":"https:\/\/blog.cancaonova.com\/paisecatequistas\/wp-json\/wp\/v2\/posts\/12320"}],"collection":[{"href":"https:\/\/blog.cancaonova.com\/paisecatequistas\/wp-json\/wp\/v2\/posts"}],"about":[{"href":"https:\/\/blog.cancaonova.com\/paisecatequistas\/wp-json\/wp\/v2\/types\/post"}],"author":[{"embeddable":true,"href":"https:\/\/blog.cancaonova.com\/paisecatequistas\/wp-json\/wp\/v2\/users\/4340"}],"replies":[{"embeddable":true,"href":"https:\/\/blog.cancaonova.com\/paisecatequistas\/wp-json\/wp\/v2\/comments?post=12320"}],"version-history":[{"count":11,"href":"https:\/\/blog.cancaonova.com\/paisecatequistas\/wp-json\/wp\/v2\/posts\/12320\/revisions"}],"predecessor-version":[{"id":12338,"href":"https:\/\/blog.cancaonova.com\/paisecatequistas\/wp-json\/wp\/v2\/posts\/12320\/revisions\/12338"}],"wp:featuredmedia":[{"embeddable":true,"href":"https:\/\/blog.cancaonova.com\/paisecatequistas\/wp-json\/wp\/v2\/media\/12330"}],"wp:attachment":[{"href":"https:\/\/blog.cancaonova.com\/paisecatequistas\/wp-json\/wp\/v2\/media?parent=12320"}],"wp:term":[{"taxonomy":"category","embeddable":true,"href":"https:\/\/blog.cancaonova.com\/paisecatequistas\/wp-json\/wp\/v2\/categories?post=12320"},{"taxonomy":"post_tag","embeddable":true,"href":"https:\/\/blog.cancaonova.com\/paisecatequistas\/wp-json\/wp\/v2\/tags?post=12320"}],"curies":[{"name":"wp","href":"https:\/\/api.w.org\/{rel}","templated":true}]}}