{"id":12380,"date":"2023-08-28T00:00:35","date_gmt":"2023-08-28T02:00:35","guid":{"rendered":"http:\/\/blog.cancaonova.com\/paisecatequistas\/?p=12380"},"modified":"2025-08-11T15:57:58","modified_gmt":"2025-08-11T17:57:58","slug":"santa-monica-e-santo-agostinho","status":"publish","type":"post","link":"https:\/\/blog.cancaonova.com\/paisecatequistas\/santa-monica-e-santo-agostinho\/","title":{"rendered":"\u201cPega e l\u00ea\u201d: a virada na vida de Agostinho"},"content":{"rendered":"<p>Agostinho nasceu no dia 13 de novembro de 354, na cidade de Tagaste, na \u00c1frica. Sua m\u00e3e, Santa M\u00f4nica, o criou na religi\u00e3o cat\u00f3lica, mas ele n\u00e3o seguiu o mesmo caminho.<\/p>\n<p>Na adolesc\u00eancia, Agostinho era muito inteligente, curioso e cheio de vida. Ele estudou bastante e se tornou um \u00f3timo orador. Gostava de aproveitar a vida, de sair com os amigos, de divertir-se e de ir ao teatro.<\/p>\n<p>Em Cartago, enquanto ainda estudava, Agostinho se apaixonou por uma mo\u00e7a. Como ela era de uma classe social mais baixa, ele a teve como concubina, e juntos tiveram um filho chamado Adeodato.<\/p>\n<p>Mesmo sendo muito jovem, Agostinho foi fiel a ela e cuidou da sua fam\u00edlia.<\/p>\n<p>A leitura do livro <b>&#8220;Hortensius&#8221;<\/b>, de C\u00edcero, fez Agostinho mudar de ideia sobre muitas coisas. A obra dizia que a felicidade est\u00e1 em bens que n\u00e3o acabam, como a sabedoria, a verdade e as virtudes. A partir de ent\u00e3o, Agostinho passou a procurar por essas coisas.<\/p>\n<p>Ele come\u00e7ou a ler a <b>B\u00edblia<\/b>, mas como estava acostumado com textos mais sofisticados, achou a linguagem dela muito simples e sem l\u00f3gica. Por causa disso, ele se interessou pelo <b>manique\u00edsmo<\/b>, que era uma filosofia diferente.<\/p>\n<p>Agostinho voltou para sua cidade, Tagaste, e abriu uma escola com a ajuda de um amigo. No entanto, ele n\u00e3o estava feliz com a vida que levava e decidiu voltar para Cartago, esperando encontrar algo melhor, mas a insatisfa\u00e7\u00e3o continuou. A filosofia manique\u00edsta j\u00e1 n\u00e3o satisfazia sua busca pela verdade.<\/p>\n<p data-start=\"138\" data-end=\"656\"><strong data-start=\"138\" data-end=\"167\">Envolvimento com Heresias<\/strong><br data-start=\"167\" data-end=\"170\" \/>Em 382, o jovem e promissor ret\u00f3rico Agostinho mudou-se para Roma, levando consigo um amigo e seu filho \u2014 sem que sua m\u00e3e, M\u00f4nica, soubesse, apesar de ela ter ido at\u00e9 Cartagena.<br data-start=\"347\" data-end=\"350\" \/>Na capital, manteve contato com os manique\u00edstas, de quem recebeu ajuda e apoio. Mais tarde, compreenderia que at\u00e9 mesmo escolhas erradas podiam fazer parte da a\u00e7\u00e3o da Provid\u00eancia. Sua carreira avan\u00e7ou rapidamente e, em 384, conquistou uma c\u00e1tedra de Ret\u00f3rica em Mil\u00e3o. Mas, por dentro, continuava inquieto.<\/p>\n<p data-start=\"663\" data-end=\"1416\"><strong data-start=\"663\" data-end=\"685\">A Busca da Verdade<\/strong><br data-start=\"685\" data-end=\"688\" \/>Desejando aperfei\u00e7oar sua <em>ars oratoria<\/em>, passou a assistir aos serm\u00f5es do bispo Ambr\u00f3sio, interessado inicialmente apenas na sua habilidade de falar. Contudo, as palavras do bispo tocaram profundamente seu cora\u00e7\u00e3o.<br \/>\n<br data-start=\"903\" data-end=\"906\" \/>Nesse per\u00edodo, M\u00f4nica mudou-se para Mil\u00e3o e permaneceu ao lado do filho, sustentando-o com ora\u00e7\u00f5es. Agostinho aproximava-se cada vez mais da Igreja Cat\u00f3lica e j\u00e1 se considerava catec\u00fameno.<br data-start=\"1094\" data-end=\"1097\" \/>Queria, agora, uma esposa crist\u00e3, e n\u00e3o mais viver com uma concubina. A mulher com quem conviveu por anos voltou para a \u00c1frica. Ainda atormentado, mergulhou na filosofia e nas Sagradas Escrituras. Era atra\u00eddo tanto pelo pensamento grego quanto pelo estilo de vida dos ascetas crist\u00e3os, mas ainda n\u00e3o conseguia decidir-se.<\/p>\n<p data-start=\"1423\" data-end=\"1662\"><strong data-start=\"1423\" data-end=\"1452\">A Convers\u00e3o \u2014 \u201cPega e l\u00ea\u201d<\/strong><br data-start=\"1452\" data-end=\"1455\" \/>Em agosto de 386, tomado por profunda ang\u00fastia e l\u00e1grimas, ouviu como que uma voz dizendo: \u201cPega e l\u00ea!\u201d. Entendeu que era um convite para abrir as Cartas de Paulo que estavam sobre a mesa. Ao acaso, leu:<\/p>\n<p data-start=\"1423\" data-end=\"1662\"><em>\u201cComportemo-nos honestamente, como de dia, n\u00e3o em glutonarias, nem em bebedeiras, nem em desonestidades, nem em dissolu\u00e7\u00f5es, nem em contendas e inveja. Mas revesti-vos do Senhor Jesus Cristo e n\u00e3o tenhais cuidado da carne em suas concupisc\u00eancias\u201d (Rm 13, 13-14).<\/em><\/p>\n<p data-start=\"1932\" data-end=\"2214\">A leitura foi como uma luz. Decidiu mudar de vida e dedicar-se inteiramente a Deus. Na noite entre 24 e 25 de abril de 387, foi batizado por Santo Ambr\u00f3sio. Pouco depois, ao partir para Roma e se preparar para voltar \u00e0 \u00c1frica, perdeu sua m\u00e3e M\u00f4nica, que faleceu no porto de \u00d3stia.<\/p>\n<p data-start=\"2221\" data-end=\"2638\"><strong data-start=\"2221\" data-end=\"2241\">Fundador e Bispo<\/strong><br data-start=\"2241\" data-end=\"2244\" \/>De volta a Tagaste, fundou sua primeira comunidade. Entre o fim de 390 e in\u00edcio de 391, estava na bas\u00edlica de Hipona quando o bispo Val\u00e9rio falou sobre a necessidade de um presb\u00edtero. O povo o apresentou e Val\u00e9rio o ordenou sacerdote.<br data-start=\"2478\" data-end=\"2481\" \/><br \/>\nVivendo voltado para Deus, estudando e meditando as Escrituras, compreendeu que era chamado para algo maior. Ao suceder Val\u00e9rio, tornou-se bispo de Hipona.<\/p>\n<p data-start=\"2640\" data-end=\"2885\">Agostinho deixou numerosos escritos, unindo \u201cf\u00e9 e raz\u00e3o\u201d. Entre eles: <em data-start=\"2710\" data-end=\"2728\">O Livre-arb\u00edtrio<\/em>, <em data-start=\"2730\" data-end=\"2742\">A Trindade<\/em>, <em data-start=\"2744\" data-end=\"2762\">A Cidade de Deus<\/em> e, especialmente, <em data-start=\"2781\" data-end=\"2796\">As Confiss\u00f5es<\/em>, sua autobiografia espiritual, onde revela de forma magistral a hist\u00f3ria de seu cora\u00e7\u00e3o.<\/p>\n<p>Agostinho andou por muitos caminhos errados: de bebedeiras, m\u00e1s companhias e, quando experimentou o amor de Deus, encontrou-se com a Verdade, que \u00e9 Cristo.<\/p>\n<p>\u00c9 dele a frase:\u00a0<em>&#8220;Tarde te amei, beleza antiga e t\u00e3o nova! Estavas dentro de mim e eu te procurava fora&#8221;<\/em>.<\/p>\n<p>Santo Agostinho \u00e9 estudado at\u00e9 hoje por fil\u00f3sofos e te\u00f3logos, pois, em seus escritos, cont\u00eam a verdade, que \u00e9 a Palavra de Deus revelada a ele.<\/p>\n<p data-start=\"1486\" data-end=\"1654\"><strong data-start=\"1486\" data-end=\"1497\">Ora\u00e7\u00e3o:<\/strong><br data-start=\"1497\" data-end=\"1500\" \/>&#8220;Senhor Deus, assim como Santo Agostinho foi fiel e levou muitas pessoas a Te conhecerem, ajuda-me a ser Teu amigo e a mostrar Teu amor para todos. Am\u00e9m.&#8221;<\/p>\n<p data-start=\"1656\" data-end=\"1704\"><strong data-start=\"1656\" data-end=\"1704\">Santo Agostinho de Cantu\u00e1ria, rogai por n\u00f3s!<\/strong><\/p>\n<p><a href=\"http:\/\/blog.cancaonova.com\/paisecatequistas\/files\/2023\/08\/P\u00e1gina27-1.jpg\"><img loading=\"lazy\" decoding=\"async\" class=\"wp-image-15186 alignnone\" src=\"http:\/\/blog.cancaonova.com\/paisecatequistas\/files\/2023\/08\/P\u00e1gina27-1.jpg\" alt=\"\" width=\"1265\" height=\"1159\" srcset=\"https:\/\/blog.cancaonova.com\/paisecatequistas\/files\/2023\/08\/P\u00e1gina27-1.jpg 1594w, https:\/\/blog.cancaonova.com\/paisecatequistas\/files\/2023\/08\/P\u00e1gina27-1-300x275.jpg 300w, https:\/\/blog.cancaonova.com\/paisecatequistas\/files\/2023\/08\/P\u00e1gina27-1-768x704.jpg 768w\" sizes=\"(max-width: 1265px) 100vw, 1265px\" \/><\/a><\/p>\n<p><strong>PDF\u00a0 para Colorir &#8211;\u00a0 <a href=\"https:\/\/blog.cancaonova.com\/paisecatequistas\/files\/2023\/08\/Monica-e-Agostinho.pdf\">Clique aqui<\/a><\/strong><\/p>\n<p><a href=\"http:\/\/blog.cancaonova.com\/paisecatequistas\/files\/2021\/08\/sta-monica-sto-agostinho-t-Adelita.jpg\"><img loading=\"lazy\" decoding=\"async\" class=\" wp-image-15177 alignnone\" src=\"http:\/\/blog.cancaonova.com\/paisecatequistas\/files\/2021\/08\/sta-monica-sto-agostinho-t-Adelita.jpg\" alt=\"\" width=\"1173\" height=\"1614\" srcset=\"https:\/\/blog.cancaonova.com\/paisecatequistas\/files\/2021\/08\/sta-monica-sto-agostinho-t-Adelita.jpg 2550w, https:\/\/blog.cancaonova.com\/paisecatequistas\/files\/2021\/08\/sta-monica-sto-agostinho-t-Adelita-218x300.jpg 218w, https:\/\/blog.cancaonova.com\/paisecatequistas\/files\/2021\/08\/sta-monica-sto-agostinho-t-Adelita-768x1057.jpg 768w\" sizes=\"(max-width: 1173px) 100vw, 1173px\" \/><\/a><\/p>\n<p>&nbsp;<\/p>\n<p><a href=\"http:\/\/blog.cancaonova.com\/paisecatequistas\/files\/2021\/08\/santo-agostinho-2.jpg\"><img loading=\"lazy\" decoding=\"async\" class=\" wp-image-15178 alignnone\" src=\"http:\/\/blog.cancaonova.com\/paisecatequistas\/files\/2021\/08\/santo-agostinho-2.jpg\" alt=\"\" width=\"1150\" height=\"1150\" srcset=\"https:\/\/blog.cancaonova.com\/paisecatequistas\/files\/2021\/08\/santo-agostinho-2.jpg 2000w, https:\/\/blog.cancaonova.com\/paisecatequistas\/files\/2021\/08\/santo-agostinho-2-150x150.jpg 150w, https:\/\/blog.cancaonova.com\/paisecatequistas\/files\/2021\/08\/santo-agostinho-2-300x300.jpg 300w, https:\/\/blog.cancaonova.com\/paisecatequistas\/files\/2021\/08\/santo-agostinho-2-768x768.jpg 768w\" sizes=\"(max-width: 1150px) 100vw, 1150px\" \/><\/a><\/p>\n<p>&nbsp;<\/p>\n<p>&nbsp;<\/p>\n<p>&nbsp;<\/p>\n<p>&nbsp;<\/p>\n","protected":false},"excerpt":{"rendered":"<p>Santo Agostinho e Santa M\u00f4nica s\u00e3o dois grandes santos que mostram para as fam\u00edlias o poder da ora\u00e7\u00e3o de uma m\u00e3e e de um filho que tiveram a vida deles mudada pelo amor de Deus. <a href=\"https:\/\/blog.cancaonova.com\/paisecatequistas\/santa-monica-e-santo-agostinho\/\">Continue lendo <span class=\"meta-nav\">&rarr;<\/span><\/a><\/p>\n","protected":false},"author":4340,"featured_media":19322,"comment_status":"closed","ping_status":"closed","sticky":false,"template":"","format":"standard","meta":{"_mi_skip_tracking":false,"_monsterinsights_sitenote_active":false,"_monsterinsights_sitenote_note":"","_monsterinsights_sitenote_category":0,"footnotes":""},"categories":[200710,271],"tags":[21816,16679],"_links":{"self":[{"href":"https:\/\/blog.cancaonova.com\/paisecatequistas\/wp-json\/wp\/v2\/posts\/12380"}],"collection":[{"href":"https:\/\/blog.cancaonova.com\/paisecatequistas\/wp-json\/wp\/v2\/posts"}],"about":[{"href":"https:\/\/blog.cancaonova.com\/paisecatequistas\/wp-json\/wp\/v2\/types\/post"}],"author":[{"embeddable":true,"href":"https:\/\/blog.cancaonova.com\/paisecatequistas\/wp-json\/wp\/v2\/users\/4340"}],"replies":[{"embeddable":true,"href":"https:\/\/blog.cancaonova.com\/paisecatequistas\/wp-json\/wp\/v2\/comments?post=12380"}],"version-history":[{"count":14,"href":"https:\/\/blog.cancaonova.com\/paisecatequistas\/wp-json\/wp\/v2\/posts\/12380\/revisions"}],"predecessor-version":[{"id":19327,"href":"https:\/\/blog.cancaonova.com\/paisecatequistas\/wp-json\/wp\/v2\/posts\/12380\/revisions\/19327"}],"wp:featuredmedia":[{"embeddable":true,"href":"https:\/\/blog.cancaonova.com\/paisecatequistas\/wp-json\/wp\/v2\/media\/19322"}],"wp:attachment":[{"href":"https:\/\/blog.cancaonova.com\/paisecatequistas\/wp-json\/wp\/v2\/media?parent=12380"}],"wp:term":[{"taxonomy":"category","embeddable":true,"href":"https:\/\/blog.cancaonova.com\/paisecatequistas\/wp-json\/wp\/v2\/categories?post=12380"},{"taxonomy":"post_tag","embeddable":true,"href":"https:\/\/blog.cancaonova.com\/paisecatequistas\/wp-json\/wp\/v2\/tags?post=12380"}],"curies":[{"name":"wp","href":"https:\/\/api.w.org\/{rel}","templated":true}]}}