{"id":125,"date":"2009-03-26T14:19:38","date_gmt":"2009-03-26T16:19:38","guid":{"rendered":"http:\/\/blog.cancaonova.com\/paisecatequistas\/?p=125"},"modified":"2012-01-13T14:34:05","modified_gmt":"2012-01-13T16:34:05","slug":"senhor-tu-me-conheces","status":"publish","type":"post","link":"https:\/\/blog.cancaonova.com\/paisecatequistas\/senhor-tu-me-conheces\/","title":{"rendered":"Senhor, tu me conheces!"},"content":{"rendered":"<p style=\"text-align: center\">Eu te louvo porque me fizeste maravilhoso(a); s\u00e3o admir\u00e1veis as tuas obras; tu me conheces por inteiro. Ainda em embri\u00e3o, teus olhos me viram e tudo estava escrito no teu livro; meus dias estavam marcados antes que chegasse o primeiro.<\/p>\n<p style=\"text-align: center\">Examina-me, \u00f3 Deus, e conhece meu cora\u00e7\u00e3o, prova-me e conhece meus sentimentos; olha se meu caminho se desvia e guia-me pelo caminho eterno.<\/p>\n<p style=\"text-align: center\">SALMO &#8211; 138<\/p>\n<p style=\"text-align: center\">Um lindo salmo para voc\u00ea trabalhar com as crian\u00e7as o grande amor de Deus por n\u00f3s, pois desde o ventre materno a m\u00e3o de Deus j\u00e1 estava sobre n\u00f3s nos formando.<\/p>\n<p style=\"text-align: center\">Sugest\u00f5es: Dar um vers\u00edculo para cada crian\u00e7a em sorteio e pedir a elas para partilharem o que Deus falou com elas.<\/p>\n<p style=\"text-align: center\">Fazer uma leitura din\u00e2mica: as meninas le\u00eam os vers\u00edculos pares e os meninos os vers\u00edculos \u00edmpares.<\/p>\n<p style=\"text-align: center\">Pedir as crian\u00e7as para desenharem qual vers\u00edculo elas gostaram mais&#8230;<\/p>\n<p style=\"text-align: center\">\n<p style=\"text-align: center\"><a href=\"http:\/\/blog.cancaonova.com\/paisecatequistas\/files\/2009\/03\/abencoado1.jpg\"><img loading=\"lazy\" decoding=\"async\" class=\"alignnone size-full wp-image-126\" src=\"http:\/\/blog.cancaonova.com\/paisecatequistas\/files\/2009\/03\/abencoado1.jpg\" alt=\"\" width=\"400\" height=\"300\" \/><\/a><\/p>\n<p style=\"text-align: center\">\n<p style=\"text-align: center\">Deus aben\u00e7oe e lhe conceda criatividade para fazer Jesus conhecido e amado entre as crian\u00e7as&#8230;<\/p>\n<p style=\"text-align: center\">Tia Tininha &#8211; Departamento Infantil Can\u00e7\u00e3o Nova.<\/p>\n","protected":false},"excerpt":{"rendered":"<p>Eu te louvo porque me fizeste maravilhoso(a); s\u00e3o admir\u00e1veis as tuas obras; tu me conheces por inteiro. Ainda em embri\u00e3o, teus olhos me viram e tudo estava escrito no teu livro; meus dias estavam marcados antes que chegasse o primeiro&#8230;.<\/p>\n","protected":false},"author":4340,"featured_media":0,"comment_status":"open","ping_status":"open","sticky":false,"template":"","format":"standard","meta":{"_mi_skip_tracking":false,"_monsterinsights_sitenote_active":false,"_monsterinsights_sitenote_note":"","_monsterinsights_sitenote_category":0,"footnotes":""},"categories":[23],"tags":[17102,15792,15975,18267,5831,17563,25307],"_links":{"self":[{"href":"https:\/\/blog.cancaonova.com\/paisecatequistas\/wp-json\/wp\/v2\/posts\/125"}],"collection":[{"href":"https:\/\/blog.cancaonova.com\/paisecatequistas\/wp-json\/wp\/v2\/posts"}],"about":[{"href":"https:\/\/blog.cancaonova.com\/paisecatequistas\/wp-json\/wp\/v2\/types\/post"}],"author":[{"embeddable":true,"href":"https:\/\/blog.cancaonova.com\/paisecatequistas\/wp-json\/wp\/v2\/users\/4340"}],"replies":[{"embeddable":true,"href":"https:\/\/blog.cancaonova.com\/paisecatequistas\/wp-json\/wp\/v2\/comments?post=125"}],"version-history":[{"count":3,"href":"https:\/\/blog.cancaonova.com\/paisecatequistas\/wp-json\/wp\/v2\/posts\/125\/revisions"}],"predecessor-version":[{"id":3885,"href":"https:\/\/blog.cancaonova.com\/paisecatequistas\/wp-json\/wp\/v2\/posts\/125\/revisions\/3885"}],"wp:attachment":[{"href":"https:\/\/blog.cancaonova.com\/paisecatequistas\/wp-json\/wp\/v2\/media?parent=125"}],"wp:term":[{"taxonomy":"category","embeddable":true,"href":"https:\/\/blog.cancaonova.com\/paisecatequistas\/wp-json\/wp\/v2\/categories?post=125"},{"taxonomy":"post_tag","embeddable":true,"href":"https:\/\/blog.cancaonova.com\/paisecatequistas\/wp-json\/wp\/v2\/tags?post=125"}],"curies":[{"name":"wp","href":"https:\/\/api.w.org\/{rel}","templated":true}]}}