{"id":12504,"date":"2023-09-19T00:00:13","date_gmt":"2023-09-19T02:00:13","guid":{"rendered":"http:\/\/blog.cancaonova.com\/paisecatequistas\/?p=12504"},"modified":"2025-09-19T13:43:30","modified_gmt":"2025-09-19T15:43:30","slug":"119-de-setembro-nossa-senhora-de-la-salette","status":"publish","type":"post","link":"https:\/\/blog.cancaonova.com\/paisecatequistas\/119-de-setembro-nossa-senhora-de-la-salette\/","title":{"rendered":"Nossa Senhora de La Salette"},"content":{"rendered":"<p>Vamos conhecer um pouquinho da hist\u00f3ria de Nossa Senhora de La Salette?<\/p>\n<p>Esse t\u00edtulo e invoca\u00e7\u00e3o dada a\u00a0Virgem Maria\u00a0\u00e9 por suas apari\u00e7\u00f5es na montanha de\u00a0La Salette, na regi\u00e3o dos\u00a0Alpes\u00a0franceses. De acordo com os relatos existentes, Nossa Senhora apareceu em 19 de setembro de 1846 para duas crian\u00e7as: Maximin Giraud, com 11 anos de idade, e M\u00e9lanie Calvat, com 15 anos.<\/p>\n<p><a href=\"http:\/\/blog.cancaonova.com\/paisecatequistas\/files\/2021\/09\/Nossa-Senhora2.jpg\"><img loading=\"lazy\" decoding=\"async\" class=\" wp-image-12508 alignnone\" src=\"http:\/\/blog.cancaonova.com\/paisecatequistas\/files\/2021\/09\/Nossa-Senhora2.jpg\" alt=\"\" width=\"929\" height=\"393\" srcset=\"https:\/\/blog.cancaonova.com\/paisecatequistas\/files\/2021\/09\/Nossa-Senhora2.jpg 1000w, https:\/\/blog.cancaonova.com\/paisecatequistas\/files\/2021\/09\/Nossa-Senhora2-300x127.jpg 300w, https:\/\/blog.cancaonova.com\/paisecatequistas\/files\/2021\/09\/Nossa-Senhora2-768x326.jpg 768w\" sizes=\"(max-width: 929px) 100vw, 929px\" \/><\/a><\/p>\n<p>Nossa Senhora apareceu sentada em uma pedra, com as m\u00e3os no rosto e com trajes de camponesa, chorando amargamente.<\/p>\n<p>Ela pediu que os dois transmitissem tr\u00eas pedidos:<\/p>\n<ol>\n<li>A convers\u00e3o dos pecadores;<\/li>\n<li>Que se constru\u00edsse uma igreja naquele local;<\/li>\n<li>E que se fosse fundada uma congrega\u00e7\u00e3o religiosa para perpetuar a Sua mensagem e cuidar da igreja de La Salette.<\/li>\n<\/ol>\n<p>&nbsp;<\/p>\n<p><a href=\"http:\/\/blog.cancaonova.com\/paisecatequistas\/files\/2021\/09\/salete-copy-c\u00f3pia.jpg\"><img loading=\"lazy\" decoding=\"async\" class=\"wp-image-12506 alignnone\" src=\"http:\/\/blog.cancaonova.com\/paisecatequistas\/files\/2021\/09\/salete-copy-c\u00f3pia.jpg\" alt=\"\" width=\"620\" height=\"796\" srcset=\"https:\/\/blog.cancaonova.com\/paisecatequistas\/files\/2021\/09\/salete-copy-c\u00f3pia.jpg 2480w, https:\/\/blog.cancaonova.com\/paisecatequistas\/files\/2021\/09\/salete-copy-c\u00f3pia-233x300.jpg 233w\" sizes=\"(max-width: 620px) 100vw, 620px\" \/><\/a><a href=\"http:\/\/blog.cancaonova.com\/paisecatequistas\/files\/2023\/09\/ns-salete.pdf\"><img loading=\"lazy\" decoding=\"async\" class=\"wp-image-12507 alignnone\" src=\"http:\/\/blog.cancaonova.com\/paisecatequistas\/files\/2021\/09\/salete-copy.jpg\" alt=\"\" width=\"601\" height=\"773\" srcset=\"https:\/\/blog.cancaonova.com\/paisecatequistas\/files\/2021\/09\/salete-copy.jpg 2480w, https:\/\/blog.cancaonova.com\/paisecatequistas\/files\/2021\/09\/salete-copy-233x300.jpg 233w, https:\/\/blog.cancaonova.com\/paisecatequistas\/files\/2021\/09\/salete-copy-768x988.jpg 768w\" sizes=\"(max-width: 601px) 100vw, 601px\" \/><\/a><\/p>\n<p>&nbsp;<\/p>\n<p>&nbsp;<\/p>\n","protected":false},"excerpt":{"rendered":"<p>Vamos conhecer um pouquinho da hist\u00f3ria de Nossa Senhora de La Salette? Esse t\u00edtulo e invoca\u00e7\u00e3o dada a\u00a0Virgem Maria\u00a0\u00e9 por suas apari\u00e7\u00f5es na montanha de\u00a0La Salette, na regi\u00e3o dos\u00a0Alpes\u00a0franceses. De acordo com os relatos existentes, Nossa Senhora apareceu em 19&#8230;<\/p>\n","protected":false},"author":4340,"featured_media":19583,"comment_status":"closed","ping_status":"closed","sticky":false,"template":"","format":"standard","meta":{"_mi_skip_tracking":false,"_monsterinsights_sitenote_active":false,"_monsterinsights_sitenote_note":"","_monsterinsights_sitenote_category":0,"footnotes":""},"categories":[200710,451],"tags":[201032,15792,201030,201031],"_links":{"self":[{"href":"https:\/\/blog.cancaonova.com\/paisecatequistas\/wp-json\/wp\/v2\/posts\/12504"}],"collection":[{"href":"https:\/\/blog.cancaonova.com\/paisecatequistas\/wp-json\/wp\/v2\/posts"}],"about":[{"href":"https:\/\/blog.cancaonova.com\/paisecatequistas\/wp-json\/wp\/v2\/types\/post"}],"author":[{"embeddable":true,"href":"https:\/\/blog.cancaonova.com\/paisecatequistas\/wp-json\/wp\/v2\/users\/4340"}],"replies":[{"embeddable":true,"href":"https:\/\/blog.cancaonova.com\/paisecatequistas\/wp-json\/wp\/v2\/comments?post=12504"}],"version-history":[{"count":10,"href":"https:\/\/blog.cancaonova.com\/paisecatequistas\/wp-json\/wp\/v2\/posts\/12504\/revisions"}],"predecessor-version":[{"id":19584,"href":"https:\/\/blog.cancaonova.com\/paisecatequistas\/wp-json\/wp\/v2\/posts\/12504\/revisions\/19584"}],"wp:featuredmedia":[{"embeddable":true,"href":"https:\/\/blog.cancaonova.com\/paisecatequistas\/wp-json\/wp\/v2\/media\/19583"}],"wp:attachment":[{"href":"https:\/\/blog.cancaonova.com\/paisecatequistas\/wp-json\/wp\/v2\/media?parent=12504"}],"wp:term":[{"taxonomy":"category","embeddable":true,"href":"https:\/\/blog.cancaonova.com\/paisecatequistas\/wp-json\/wp\/v2\/categories?post=12504"},{"taxonomy":"post_tag","embeddable":true,"href":"https:\/\/blog.cancaonova.com\/paisecatequistas\/wp-json\/wp\/v2\/tags?post=12504"}],"curies":[{"name":"wp","href":"https:\/\/api.w.org\/{rel}","templated":true}]}}