{"id":1265,"date":"2010-03-28T09:00:41","date_gmt":"2010-03-28T11:00:41","guid":{"rendered":"http:\/\/blog.cancaonova.com\/paisecatequistas\/?p=1265"},"modified":"2012-01-05T11:24:33","modified_gmt":"2012-01-05T13:24:33","slug":"retiro-popular","status":"publish","type":"post","link":"https:\/\/blog.cancaonova.com\/paisecatequistas\/retiro-popular\/","title":{"rendered":"Retiro Popular"},"content":{"rendered":"<p>Ol\u00e1 Familia<\/p>\n<p>Iniciamos o tempo sacramental da Quaresma, que nos conduz \u00e1 Pascoa do Senhor.<\/p>\n<p style=\"text-align: center\"><a href=\"http:\/\/blog.cancaonova.com\/paisecatequistas\/files\/2010\/02\/retiro-popular-2010__g1414041.jpg\"><img loading=\"lazy\" decoding=\"async\" class=\"alignnone size-full wp-image-1266\" src=\"http:\/\/blog.cancaonova.com\/paisecatequistas\/files\/2010\/02\/retiro-popular-2010__g1414041.jpg\" alt=\"\" width=\"250\" height=\"250\" \/><\/a><\/p>\n<p style=\"text-align: center\">\n<p style=\"text-align: center\"><strong>Retiro Popular 2010 &#8211; Tenho Sede<\/strong><\/p>\n<p style=\"text-align: justify\">A Can\u00e7\u00e3o Nova traz para voc\u00ea esse livro que \u00e9 um roteiro de ora\u00e7\u00e3o para o tempo quaresmal e recolhe, do tesouro da Igreja, as mais diversas formas de ora\u00e7\u00e3o, para que permane\u00e7am ao alcance do povo de Deus. <strong>Dom Alberto Taveira<\/strong> quer sensibilizar a todos para o amor eterno do Pai.<\/p>\n<p style=\"text-align: justify\">Esse livro deve ser adquirido antes do primeiro dia da quaresma para que as pessoas renovem os compromissos batismais, reavivando a sede de Deus e motivando as pessoas a responder ao grande apelo da convers\u00e3o.<\/p>\n<p style=\"text-align: justify\">S\u00e3o leituras b\u00edblicas, reflex\u00f5es e ora\u00e7\u00f5es di\u00e1rias para que, a cada dia durante esse per\u00edodo as pessoas vivam o renascer de Cristo. O <strong>\u201cRetiro Popular \u2013 Tenho Sede\u201d<\/strong> ajuda a viver bem esse per\u00edodo, a quaresma, e a nos preparar com grande expectativa para a P\u00e1scoa<\/p>\n<p style=\"text-align: justify\">Deus aben\u00e7oe voc\u00ea.<\/p>\n<p style=\"text-align: justify\">Tininha &#8211; Departamento Infanto Juvenil<\/p>\n<p style=\"text-align: center\">\n<p style=\"text-align: center\">\n<p style=\"text-align: center\">\n<p style=\"text-align: center\">\n","protected":false},"excerpt":{"rendered":"<p>Ol\u00e1 Familia Iniciamos o tempo sacramental da Quaresma, que nos conduz \u00e1 Pascoa do Senhor. Retiro Popular 2010 &#8211; Tenho Sede A Can\u00e7\u00e3o Nova traz para voc\u00ea esse livro que \u00e9 um roteiro de ora\u00e7\u00e3o para o tempo quaresmal e&#8230;<\/p>\n","protected":false},"author":4340,"featured_media":0,"comment_status":"open","ping_status":"open","sticky":false,"template":"","format":"standard","meta":{"_mi_skip_tracking":false,"_monsterinsights_sitenote_active":false,"_monsterinsights_sitenote_note":"","_monsterinsights_sitenote_category":0,"footnotes":""},"categories":[40154],"tags":[6351,15975,102606,27571,261,17742],"_links":{"self":[{"href":"https:\/\/blog.cancaonova.com\/paisecatequistas\/wp-json\/wp\/v2\/posts\/1265"}],"collection":[{"href":"https:\/\/blog.cancaonova.com\/paisecatequistas\/wp-json\/wp\/v2\/posts"}],"about":[{"href":"https:\/\/blog.cancaonova.com\/paisecatequistas\/wp-json\/wp\/v2\/types\/post"}],"author":[{"embeddable":true,"href":"https:\/\/blog.cancaonova.com\/paisecatequistas\/wp-json\/wp\/v2\/users\/4340"}],"replies":[{"embeddable":true,"href":"https:\/\/blog.cancaonova.com\/paisecatequistas\/wp-json\/wp\/v2\/comments?post=1265"}],"version-history":[{"count":8,"href":"https:\/\/blog.cancaonova.com\/paisecatequistas\/wp-json\/wp\/v2\/posts\/1265\/revisions"}],"predecessor-version":[{"id":3624,"href":"https:\/\/blog.cancaonova.com\/paisecatequistas\/wp-json\/wp\/v2\/posts\/1265\/revisions\/3624"}],"wp:attachment":[{"href":"https:\/\/blog.cancaonova.com\/paisecatequistas\/wp-json\/wp\/v2\/media?parent=1265"}],"wp:term":[{"taxonomy":"category","embeddable":true,"href":"https:\/\/blog.cancaonova.com\/paisecatequistas\/wp-json\/wp\/v2\/categories?post=1265"},{"taxonomy":"post_tag","embeddable":true,"href":"https:\/\/blog.cancaonova.com\/paisecatequistas\/wp-json\/wp\/v2\/tags?post=1265"}],"curies":[{"name":"wp","href":"https:\/\/api.w.org\/{rel}","templated":true}]}}