{"id":12757,"date":"2023-11-17T00:00:27","date_gmt":"2023-11-17T02:00:27","guid":{"rendered":"http:\/\/blog.cancaonova.com\/paisecatequistas\/?p=12757"},"modified":"2025-11-13T13:08:29","modified_gmt":"2025-11-13T15:08:29","slug":"17-de-novembro-santa-isabel-da-hungria","status":"publish","type":"post","link":"https:\/\/blog.cancaonova.com\/paisecatequistas\/17-de-novembro-santa-isabel-da-hungria\/","title":{"rendered":"Santa Isabel da Hungria, e o milagre das flores"},"content":{"rendered":"<p><span dir=\"auto\">Santa Isabel da Hungria \u00e9 um exemplo inspirador de f\u00e9, caridade e coragem para fam\u00edlias e comunidades crist\u00e3s. Filha de uma fam\u00edlia nobre, Isabel foi prometida em casamento e foi morar na corte do futuro esposo, onde sofreu persegui\u00e7\u00f5es motivadas pela inveja da sogra, que acusava Isabel de esbanjadora. Na verdade, Isabel se dedicou intensamente \u00e0 caridade, amparando os pobres e necessitados mesmo diante das dificuldades e cal\u00fanias.<\/span><\/p>\n<p><a href=\"http:\/\/blog.cancaonova.com\/paisecatequistas\/files\/2021\/11\/Santa-Isabel-da-Hungria-c\u00f3pia.png\"><img loading=\"lazy\" decoding=\"async\" class=\"wp-image-12758 alignnone\" src=\"http:\/\/blog.cancaonova.com\/paisecatequistas\/files\/2021\/11\/Santa-Isabel-da-Hungria-c\u00f3pia.png\" alt=\"\" width=\"446\" height=\"726\" srcset=\"https:\/\/blog.cancaonova.com\/paisecatequistas\/files\/2021\/11\/Santa-Isabel-da-Hungria-c\u00f3pia.png 2014w, https:\/\/blog.cancaonova.com\/paisecatequistas\/files\/2021\/11\/Santa-Isabel-da-Hungria-c\u00f3pia-184x300.png 184w, https:\/\/blog.cancaonova.com\/paisecatequistas\/files\/2021\/11\/Santa-Isabel-da-Hungria-c\u00f3pia-768x1249.png 768w\" sizes=\"(max-width: 446px) 100vw, 446px\" \/><\/a><\/p>\n<p class=\"my-2 [&amp;+p]:mt-4 [&amp;_strong:has(+br)]:inline-block [&amp;_strong:has(+br)]:pb-2\"><span dir=\"auto\">Um dos epis\u00f3dios mais conhecidos de sua vida \u00e9 o milagre das flores. Conta-se que, certa vez, Isabel levava p\u00e3es escondidos no manto para os pobres quando foi descoberta pelo marido. Temendo ser acusada injustamente, ela tentou ocultar os p\u00e3es, que, milagrosamente, se transformaram em flores, demonstrando como Deus protege suas obras de caridade.<\/span><\/p>\n<p class=\"my-2 [&amp;+p]:mt-4 [&amp;_strong:has(+br)]:inline-block [&amp;_strong:has(+br)]:pb-2\"><span dir=\"auto\">Vi\u00fava e com tr\u00eas filhos, Isabel chegou a ser expulsa da corte e se abrigou com seus filhos num curral at\u00e9 ser acolhida pelos franciscanos. Mais tarde, renunciou aos seus t\u00edtulos nobres para ingressar na Ordem Terceira de S\u00e3o Francisco, dedicando a sua vida ao cuidado dos doentes e pobres. Fundou um convento e um hospital que sustentou com seus bens at\u00e9 morrer, aos 24 anos.<\/span><\/p>\n<p class=\"my-2 [&amp;+p]:mt-4 [&amp;_strong:has(+br)]:inline-block [&amp;_strong:has(+br)]:pb-2\"><span dir=\"auto\">Santa Isabel da Hungria mostra a import\u00e2ncia da ora\u00e7\u00e3o, da generosidade e da perseveran\u00e7a na f\u00e9, mesmo em meio \u00e0s adversidades. Seu exemplo \u00e9 um convite para pais e catequistas educarem as crian\u00e7as no amor ao pr\u00f3ximo e na confian\u00e7a na prote\u00e7\u00e3o divina, valorizando a caridade como express\u00e3o concreta do amor crist\u00e3o.<\/span><\/p>\n<p class=\"my-2 [&amp;+p]:mt-4 [&amp;_strong:has(+br)]:inline-block [&amp;_strong:has(+br)]:pb-2\"><span dir=\"auto\">Esse testemunho de vida pode inspirar fam\u00edlias a praticar a solidariedade e a perseveran\u00e7a em seus desafios cotidianos, sempre com a certeza de que Deus acompanha e fortalece quem guarda os valores do Evangelho.<\/span><\/p>\n<p><span style=\"color: #0000ff\"><strong>Para colorir<\/strong><\/span><\/p>\n<p><a href=\"https:\/\/blog.cancaonova.com\/paisecatequistas\/files\/2024\/11\/1.pdf\"><img loading=\"lazy\" decoding=\"async\" class=\"wp-image-18212 alignnone\" src=\"http:\/\/blog.cancaonova.com\/paisecatequistas\/files\/2023\/11\/1-1.jpg\" alt=\"\" width=\"661\" height=\"935\" srcset=\"https:\/\/blog.cancaonova.com\/paisecatequistas\/files\/2023\/11\/1-1.jpg 1414w, https:\/\/blog.cancaonova.com\/paisecatequistas\/files\/2023\/11\/1-1-212x300.jpg 212w, https:\/\/blog.cancaonova.com\/paisecatequistas\/files\/2023\/11\/1-1-768x1086.jpg 768w, https:\/\/blog.cancaonova.com\/paisecatequistas\/files\/2023\/11\/1-1-1086x1536.jpg 1086w\" sizes=\"(max-width: 661px) 100vw, 661px\" \/><\/a><\/p>\n<p>Fonte: <a href=\"https:\/\/santo.cancaonova.com\/santo\/santa-isabel-da-hungria-padroeira-da-ordem-terceira-franciscana\/\">Can\u00e7\u00e3o Nova\u00a0<\/a><\/p>\n<p><strong>Santa Isabel da Hungria, rogai por n\u00f3s!<\/strong><\/p>\n<p><iframe loading=\"lazy\" title='Amigos do C\u00c3\u00a9u - Rainha Santa Isabel e o \"milagre das rosas\"' width=\"600\" height=\"450\" src=\"https:\/\/www.youtube.com\/embed\/dGZGnallGyI?list=PLgzp587mOb1n-m4rItAOyEd82O6dgfQ0t&amp;rel=0\" frameborder=\"0\" allow=\"accelerometer; autoplay; clipboard-write; encrypted-media; gyroscope; picture-in-picture; web-share\" referrerpolicy=\"strict-origin-when-cross-origin\" allowfullscreen><\/iframe><\/p>\n<p>&nbsp;<\/p>\n<p>&nbsp;<\/p>\n<p>&nbsp;<\/p>\n","protected":false},"excerpt":{"rendered":"<p>Isabel era filha de Andr\u00e9, rei da Hungria, e nasceu num tempo em que os acordos das na\u00e7\u00f5es eram selados com o casamento. No caso de Isabel, ela fora prometida a Lu\u00eds IV (duque heredit\u00e1rio da Tur\u00edngia) em matrim\u00f4nio, um pouco depois de seu nascimento em 1207. <a href=\"https:\/\/blog.cancaonova.com\/paisecatequistas\/17-de-novembro-santa-isabel-da-hungria\/\">Continue lendo <span class=\"meta-nav\">&rarr;<\/span><\/a><\/p>\n","protected":false},"author":4340,"featured_media":18210,"comment_status":"closed","ping_status":"closed","sticky":false,"template":"","format":"standard","meta":{"_mi_skip_tracking":false,"_monsterinsights_sitenote_active":false,"_monsterinsights_sitenote_note":"","_monsterinsights_sitenote_category":0,"footnotes":""},"categories":[200710,271],"tags":[],"_links":{"self":[{"href":"https:\/\/blog.cancaonova.com\/paisecatequistas\/wp-json\/wp\/v2\/posts\/12757"}],"collection":[{"href":"https:\/\/blog.cancaonova.com\/paisecatequistas\/wp-json\/wp\/v2\/posts"}],"about":[{"href":"https:\/\/blog.cancaonova.com\/paisecatequistas\/wp-json\/wp\/v2\/types\/post"}],"author":[{"embeddable":true,"href":"https:\/\/blog.cancaonova.com\/paisecatequistas\/wp-json\/wp\/v2\/users\/4340"}],"replies":[{"embeddable":true,"href":"https:\/\/blog.cancaonova.com\/paisecatequistas\/wp-json\/wp\/v2\/comments?post=12757"}],"version-history":[{"count":12,"href":"https:\/\/blog.cancaonova.com\/paisecatequistas\/wp-json\/wp\/v2\/posts\/12757\/revisions"}],"predecessor-version":[{"id":19808,"href":"https:\/\/blog.cancaonova.com\/paisecatequistas\/wp-json\/wp\/v2\/posts\/12757\/revisions\/19808"}],"wp:featuredmedia":[{"embeddable":true,"href":"https:\/\/blog.cancaonova.com\/paisecatequistas\/wp-json\/wp\/v2\/media\/18210"}],"wp:attachment":[{"href":"https:\/\/blog.cancaonova.com\/paisecatequistas\/wp-json\/wp\/v2\/media?parent=12757"}],"wp:term":[{"taxonomy":"category","embeddable":true,"href":"https:\/\/blog.cancaonova.com\/paisecatequistas\/wp-json\/wp\/v2\/categories?post=12757"},{"taxonomy":"post_tag","embeddable":true,"href":"https:\/\/blog.cancaonova.com\/paisecatequistas\/wp-json\/wp\/v2\/tags?post=12757"}],"curies":[{"name":"wp","href":"https:\/\/api.w.org\/{rel}","templated":true}]}}