{"id":12829,"date":"2021-12-01T00:00:12","date_gmt":"2021-12-01T02:00:12","guid":{"rendered":"http:\/\/blog.cancaonova.com\/paisecatequistas\/?p=12829"},"modified":"2021-11-25T08:39:58","modified_gmt":"2021-11-25T10:39:58","slug":"cartao-de-natal","status":"publish","type":"post","link":"https:\/\/blog.cancaonova.com\/paisecatequistas\/cartao-de-natal\/","title":{"rendered":"Cart\u00f5es de Natal"},"content":{"rendered":"<p>Vamos reunir as crian\u00e7as e fazer lindos cart\u00f5es de natal para presentear os amigos, a fam\u00edlia e todos que amamos.<a href=\"http:\/\/blog.cancaonova.com\/paisecatequistas\/files\/2021\/11\/cart\u00e3o-de-natal.jpg\"><br \/>\n<img loading=\"lazy\" decoding=\"async\" class=\"wp-image-12830 alignnone\" src=\"http:\/\/blog.cancaonova.com\/paisecatequistas\/files\/2021\/11\/cart\u00e3o-de-natal.jpg\" alt=\"\" width=\"866\" height=\"627\" srcset=\"https:\/\/blog.cancaonova.com\/paisecatequistas\/files\/2021\/11\/cart\u00e3o-de-natal.jpg 2000w, https:\/\/blog.cancaonova.com\/paisecatequistas\/files\/2021\/11\/cart\u00e3o-de-natal-300x217.jpg 300w, https:\/\/blog.cancaonova.com\/paisecatequistas\/files\/2021\/11\/cart\u00e3o-de-natal-768x556.jpg 768w\" sizes=\"(max-width: 866px) 100vw, 866px\" \/><\/a><\/p>\n<p><a href=\"http:\/\/blog.cancaonova.com\/paisecatequistas\/files\/2021\/12\/cart\u00e3o-presente.jpg\"><img loading=\"lazy\" decoding=\"async\" class=\"wp-image-12861 alignnone\" src=\"http:\/\/blog.cancaonova.com\/paisecatequistas\/files\/2021\/12\/cart\u00e3o-presente.jpg\" alt=\"\" width=\"887\" height=\"1261\" srcset=\"https:\/\/blog.cancaonova.com\/paisecatequistas\/files\/2021\/12\/cart\u00e3o-presente.jpg 1484w, https:\/\/blog.cancaonova.com\/paisecatequistas\/files\/2021\/12\/cart\u00e3o-presente-211x300.jpg 211w, https:\/\/blog.cancaonova.com\/paisecatequistas\/files\/2021\/12\/cart\u00e3o-presente-768x1091.jpg 768w\" sizes=\"(max-width: 887px) 100vw, 887px\" \/><\/a><\/p>\n","protected":false},"excerpt":{"rendered":"<p>Vamos reunir as crian\u00e7as e fazer lindos cart\u00f5es de natal para presentear os amigos, a fam\u00edlia e todos que amamos.<\/p>\n","protected":false},"author":4340,"featured_media":12831,"comment_status":"open","ping_status":"open","sticky":false,"template":"","format":"standard","meta":{"_mi_skip_tracking":false,"_monsterinsights_sitenote_active":false,"_monsterinsights_sitenote_note":"","_monsterinsights_sitenote_category":0,"footnotes":""},"categories":[16089],"tags":[211,24412,40,31],"_links":{"self":[{"href":"https:\/\/blog.cancaonova.com\/paisecatequistas\/wp-json\/wp\/v2\/posts\/12829"}],"collection":[{"href":"https:\/\/blog.cancaonova.com\/paisecatequistas\/wp-json\/wp\/v2\/posts"}],"about":[{"href":"https:\/\/blog.cancaonova.com\/paisecatequistas\/wp-json\/wp\/v2\/types\/post"}],"author":[{"embeddable":true,"href":"https:\/\/blog.cancaonova.com\/paisecatequistas\/wp-json\/wp\/v2\/users\/4340"}],"replies":[{"embeddable":true,"href":"https:\/\/blog.cancaonova.com\/paisecatequistas\/wp-json\/wp\/v2\/comments?post=12829"}],"version-history":[{"count":3,"href":"https:\/\/blog.cancaonova.com\/paisecatequistas\/wp-json\/wp\/v2\/posts\/12829\/revisions"}],"predecessor-version":[{"id":12863,"href":"https:\/\/blog.cancaonova.com\/paisecatequistas\/wp-json\/wp\/v2\/posts\/12829\/revisions\/12863"}],"wp:featuredmedia":[{"embeddable":true,"href":"https:\/\/blog.cancaonova.com\/paisecatequistas\/wp-json\/wp\/v2\/media\/12831"}],"wp:attachment":[{"href":"https:\/\/blog.cancaonova.com\/paisecatequistas\/wp-json\/wp\/v2\/media?parent=12829"}],"wp:term":[{"taxonomy":"category","embeddable":true,"href":"https:\/\/blog.cancaonova.com\/paisecatequistas\/wp-json\/wp\/v2\/categories?post=12829"},{"taxonomy":"post_tag","embeddable":true,"href":"https:\/\/blog.cancaonova.com\/paisecatequistas\/wp-json\/wp\/v2\/tags?post=12829"}],"curies":[{"name":"wp","href":"https:\/\/api.w.org\/{rel}","templated":true}]}}