{"id":12864,"date":"2023-12-03T00:01:05","date_gmt":"2023-12-03T02:01:05","guid":{"rendered":"http:\/\/blog.cancaonova.com\/paisecatequistas\/?p=12864"},"modified":"2023-11-30T12:14:39","modified_gmt":"2023-11-30T14:14:39","slug":"1o-domingo-advento","status":"publish","type":"post","link":"https:\/\/blog.cancaonova.com\/paisecatequistas\/1o-domingo-advento\/","title":{"rendered":"1\u00ba Domingo do Advento"},"content":{"rendered":"<p><em>&#8220;Senhor, meu Deus, a v\u00f3s elevo a minha alma.&#8221; (Sl 24)<\/em><\/p>\n<p>O Advento \u00e9 um tempo lit\u00fargico rico de sinais, que prepara e eleva a nossa alma ao Senhor que vem. Recordamos o Seu nascimento e esperamos a Sua segunda vinda gloriosa.<\/p>\n<p>Natal, tempo de renovar a nossa esperan\u00e7a e a certeza de que o Senhor vir\u00e1 e n\u00e3o tardar\u00e1. No 1\u00ba Domingo do Advento, acendemos a 1\u00aa vela e pedimos ao Senhor que nos re\u00fana e, em comunidade, em torno do altar, desperte-nos e renove nosso amor pelos irm\u00e3os.<\/p>\n<p>Atentos, saibamos corresponder ao Seu Amor e \u00e0 Sua Miseric\u00f3rdia.<\/p>\n<p><a href=\"http:\/\/blog.cancaonova.com\/paisecatequistas\/files\/2022\/11\/ALBUM-3.jpg\"><img loading=\"lazy\" decoding=\"async\" class=\"alignright size-full wp-image-15979\" src=\"http:\/\/blog.cancaonova.com\/paisecatequistas\/files\/2022\/11\/ALBUM-3.jpg\" alt=\"\" width=\"900\" height=\"600\" srcset=\"https:\/\/blog.cancaonova.com\/paisecatequistas\/files\/2022\/11\/ALBUM-3.jpg 900w, https:\/\/blog.cancaonova.com\/paisecatequistas\/files\/2022\/11\/ALBUM-3-300x200.jpg 300w, https:\/\/blog.cancaonova.com\/paisecatequistas\/files\/2022\/11\/ALBUM-3-768x512.jpg 768w\" sizes=\"(max-width: 900px) 100vw, 900px\" \/><\/a><\/p>\n<p>&nbsp;<\/p>\n<p>Em fam\u00edlia, podemos preparar a nossa casa para, juntos com toda a Igreja, viver com intensidade este tempo prop\u00edcio de convers\u00e3o, amor e reconcilia\u00e7\u00e3o.<\/p>\n<p>Pe\u00e7amos juntos: &#8220;<em>Vinde, Esp\u00edrito Santo, e fazei-nos vigilantes no amor e na miseric\u00f3rdia, preparando assim nosso cora\u00e7\u00e3o para ser digna morada do Menino Jesus&#8221;.<\/em><\/p>\n<p>Preparamos um lindo<strong>\u00a0calend\u00e1rio\u00a0<\/strong>e uma linda c<strong>oroa do advento<\/strong> que voc\u00ea pode <strong>imprimir<\/strong>, colorir, recordar e montar com as crian\u00e7as; e, a cada Domingo do Advento, recordar com elas o qu\u00e3o importante e belo \u00e9 este tempo.<\/p>\n<p><strong>Clique na imagem para imprimir:<\/strong><\/p>\n<p><a href=\"https:\/\/blog.cancaonova.com\/paisecatequistas\/files\/2023\/11\/CALENDARIO-ADVENTO-202op02.pdf\"><img loading=\"lazy\" decoding=\"async\" class=\"alignright size-full wp-image-15978\" src=\"http:\/\/blog.cancaonova.com\/paisecatequistas\/files\/2022\/11\/CALENDARIO-ADVENTO-202op02.jpg\" alt=\"\" width=\"3508\" height=\"2480\" srcset=\"https:\/\/blog.cancaonova.com\/paisecatequistas\/files\/2022\/11\/CALENDARIO-ADVENTO-202op02.jpg 3508w, https:\/\/blog.cancaonova.com\/paisecatequistas\/files\/2022\/11\/CALENDARIO-ADVENTO-202op02-300x212.jpg 300w, https:\/\/blog.cancaonova.com\/paisecatequistas\/files\/2022\/11\/CALENDARIO-ADVENTO-202op02-768x543.jpg 768w\" sizes=\"(max-width: 3508px) 100vw, 3508px\" \/><\/a><\/p>\n<p><a href=\"http:\/\/blog.cancaonova.com\/paisecatequistas\/files\/2022\/11\/20-e-21.jpg\"><img loading=\"lazy\" decoding=\"async\" class=\"wp-image-13237 alignnone\" src=\"http:\/\/blog.cancaonova.com\/paisecatequistas\/files\/2022\/11\/20-e-21.jpg\" alt=\"\" width=\"955\" height=\"1467\" srcset=\"https:\/\/blog.cancaonova.com\/paisecatequistas\/files\/2022\/11\/20-e-21.jpg 1653w, https:\/\/blog.cancaonova.com\/paisecatequistas\/files\/2022\/11\/20-e-21-195x300.jpg 195w, https:\/\/blog.cancaonova.com\/paisecatequistas\/files\/2022\/11\/20-e-21-768x1180.jpg 768w\" sizes=\"(max-width: 955px) 100vw, 955px\" \/><\/a><\/p>\n<p>&nbsp;<\/p>\n<p>&nbsp;<\/p>\n<p><strong>CLIQUE PARA IMPRIMIR<\/strong><\/p>\n<p><a href=\"https:\/\/blog.cancaonova.com\/paisecatequistas\/files\/2021\/11\/Coroa_do_Advento_-_A12.pdf\"><img loading=\"lazy\" decoding=\"async\" class=\" wp-image-12867 alignnone\" src=\"http:\/\/blog.cancaonova.com\/paisecatequistas\/files\/2021\/11\/Captura-de-tela-2021-11-25-080050.jpg\" alt=\"\" width=\"915\" height=\"1181\" srcset=\"https:\/\/blog.cancaonova.com\/paisecatequistas\/files\/2021\/11\/Captura-de-tela-2021-11-25-080050.jpg 522w, https:\/\/blog.cancaonova.com\/paisecatequistas\/files\/2021\/11\/Captura-de-tela-2021-11-25-080050-232x300.jpg 232w\" sizes=\"(max-width: 915px) 100vw, 915px\" \/><\/a><\/p>\n<p>&nbsp;<\/p>\n","protected":false},"excerpt":{"rendered":"<p>O tempo do advento \u00e9 o tempo lit\u00fargico rico de sinais que prepara e eleva a nossa alma ao Senhor, que vem. Recordamos o seu nascimento e esperamos a sua segunda vinda gloriosa.<\/p>\n<p>Natal, tempo de renovar nossa esperan\u00e7a e certeza de que o Senhor vir\u00e1 e n\u00e3o tardar\u00e1.<\/p>\n<p>No 1\u00ba Domingo do Advento acendemos a 1\u00aa vela,\u00a0 e pedimos ao Senhor que nos re\u00fane em comunidade em torno do altar, que nos desperte e renove nosso amor pelos irm\u00e3os e atentos saibamos corresponder ao seu Amor e a sua Miseric\u00f3rdia.<br \/>\n <a href=\"https:\/\/blog.cancaonova.com\/paisecatequistas\/1o-domingo-advento\/\">Continue lendo <span class=\"meta-nav\">&rarr;<\/span><\/a><\/p>\n","protected":false},"author":4340,"featured_media":15979,"comment_status":"open","ping_status":"open","sticky":false,"template":"","format":"standard","meta":{"_mi_skip_tracking":false,"_monsterinsights_sitenote_active":false,"_monsterinsights_sitenote_note":"","_monsterinsights_sitenote_category":0,"footnotes":""},"categories":[16089,31],"tags":[9931,10561,5011,16619,15521,24924,8001,32,48,36378],"_links":{"self":[{"href":"https:\/\/blog.cancaonova.com\/paisecatequistas\/wp-json\/wp\/v2\/posts\/12864"}],"collection":[{"href":"https:\/\/blog.cancaonova.com\/paisecatequistas\/wp-json\/wp\/v2\/posts"}],"about":[{"href":"https:\/\/blog.cancaonova.com\/paisecatequistas\/wp-json\/wp\/v2\/types\/post"}],"author":[{"embeddable":true,"href":"https:\/\/blog.cancaonova.com\/paisecatequistas\/wp-json\/wp\/v2\/users\/4340"}],"replies":[{"embeddable":true,"href":"https:\/\/blog.cancaonova.com\/paisecatequistas\/wp-json\/wp\/v2\/comments?post=12864"}],"version-history":[{"count":17,"href":"https:\/\/blog.cancaonova.com\/paisecatequistas\/wp-json\/wp\/v2\/posts\/12864\/revisions"}],"predecessor-version":[{"id":15994,"href":"https:\/\/blog.cancaonova.com\/paisecatequistas\/wp-json\/wp\/v2\/posts\/12864\/revisions\/15994"}],"wp:featuredmedia":[{"embeddable":true,"href":"https:\/\/blog.cancaonova.com\/paisecatequistas\/wp-json\/wp\/v2\/media\/15979"}],"wp:attachment":[{"href":"https:\/\/blog.cancaonova.com\/paisecatequistas\/wp-json\/wp\/v2\/media?parent=12864"}],"wp:term":[{"taxonomy":"category","embeddable":true,"href":"https:\/\/blog.cancaonova.com\/paisecatequistas\/wp-json\/wp\/v2\/categories?post=12864"},{"taxonomy":"post_tag","embeddable":true,"href":"https:\/\/blog.cancaonova.com\/paisecatequistas\/wp-json\/wp\/v2\/tags?post=12864"}],"curies":[{"name":"wp","href":"https:\/\/api.w.org\/{rel}","templated":true}]}}