{"id":12921,"date":"2021-12-10T00:00:38","date_gmt":"2021-12-10T02:00:38","guid":{"rendered":"http:\/\/blog.cancaonova.com\/paisecatequistas\/?p=12921"},"modified":"2021-12-09T15:18:09","modified_gmt":"2021-12-09T17:18:09","slug":"presepio-para-imprimir-e-montar","status":"publish","type":"post","link":"https:\/\/blog.cancaonova.com\/paisecatequistas\/presepio-para-imprimir-e-montar\/","title":{"rendered":"Pres\u00e9pio para imprimir e montar"},"content":{"rendered":"<p>Preparamos para voc\u00ea este lindo pres\u00e9pio para deixar sua casa mais linda para o Natal!<\/p>\n<p>\u00c9 s\u00f3 imprimir e montar com seus pequenos.<\/p>\n<p>Feliz Natal!<\/p>\n<p>Clique na imagem e baixe o PDF<\/p>\n<p><a href=\"https:\/\/img.cancaonova.com\/cnimages\/especiais\/uploads\/sites\/10\/2021\/12\/presepio-para-montar-do-clubinho.pdf\"><img loading=\"lazy\" decoding=\"async\" class=\"size-full wp-image-12922 alignnone\" src=\"http:\/\/blog.cancaonova.com\/paisecatequistas\/files\/2021\/12\/Captura-de-tela-2021-12-09-085047.jpg\" alt=\"\" width=\"476\" height=\"615\" srcset=\"https:\/\/blog.cancaonova.com\/paisecatequistas\/files\/2021\/12\/Captura-de-tela-2021-12-09-085047.jpg 476w, https:\/\/blog.cancaonova.com\/paisecatequistas\/files\/2021\/12\/Captura-de-tela-2021-12-09-085047-232x300.jpg 232w\" sizes=\"(max-width: 476px) 100vw, 476px\" \/>160<\/a><\/p>\n","protected":false},"excerpt":{"rendered":"<p>Preparamos para voc\u00ea este lindo pres\u00e9pio para deixar sua casa mais linda para o Natal! \u00c9 s\u00f3 imprimir e montar com seus pequenos. Feliz Natal! Clique na imagem e baixe o PDF 160<\/p>\n","protected":false},"author":4340,"featured_media":12924,"comment_status":"open","ping_status":"open","sticky":false,"template":"","format":"standard","meta":{"_mi_skip_tracking":false,"_monsterinsights_sitenote_active":false,"_monsterinsights_sitenote_note":"","_monsterinsights_sitenote_category":0,"footnotes":""},"categories":[16089,31],"tags":[],"_links":{"self":[{"href":"https:\/\/blog.cancaonova.com\/paisecatequistas\/wp-json\/wp\/v2\/posts\/12921"}],"collection":[{"href":"https:\/\/blog.cancaonova.com\/paisecatequistas\/wp-json\/wp\/v2\/posts"}],"about":[{"href":"https:\/\/blog.cancaonova.com\/paisecatequistas\/wp-json\/wp\/v2\/types\/post"}],"author":[{"embeddable":true,"href":"https:\/\/blog.cancaonova.com\/paisecatequistas\/wp-json\/wp\/v2\/users\/4340"}],"replies":[{"embeddable":true,"href":"https:\/\/blog.cancaonova.com\/paisecatequistas\/wp-json\/wp\/v2\/comments?post=12921"}],"version-history":[{"count":3,"href":"https:\/\/blog.cancaonova.com\/paisecatequistas\/wp-json\/wp\/v2\/posts\/12921\/revisions"}],"predecessor-version":[{"id":12926,"href":"https:\/\/blog.cancaonova.com\/paisecatequistas\/wp-json\/wp\/v2\/posts\/12921\/revisions\/12926"}],"wp:featuredmedia":[{"embeddable":true,"href":"https:\/\/blog.cancaonova.com\/paisecatequistas\/wp-json\/wp\/v2\/media\/12924"}],"wp:attachment":[{"href":"https:\/\/blog.cancaonova.com\/paisecatequistas\/wp-json\/wp\/v2\/media?parent=12921"}],"wp:term":[{"taxonomy":"category","embeddable":true,"href":"https:\/\/blog.cancaonova.com\/paisecatequistas\/wp-json\/wp\/v2\/categories?post=12921"},{"taxonomy":"post_tag","embeddable":true,"href":"https:\/\/blog.cancaonova.com\/paisecatequistas\/wp-json\/wp\/v2\/tags?post=12921"}],"curies":[{"name":"wp","href":"https:\/\/api.w.org\/{rel}","templated":true}]}}