{"id":13085,"date":"2022-03-15T11:22:22","date_gmt":"2022-03-15T13:22:22","guid":{"rendered":"http:\/\/blog.cancaonova.com\/paisecatequistas\/?p=13085"},"modified":"2026-02-19T12:29:51","modified_gmt":"2026-02-19T14:29:51","slug":"virtudes-de-sao-jose-livro-para-colorir-download","status":"publish","type":"post","link":"https:\/\/blog.cancaonova.com\/paisecatequistas\/virtudes-de-sao-jose-livro-para-colorir-download\/","title":{"rendered":"Um presente para voc\u00ea!"},"content":{"rendered":"<p>Neste m\u00eas especial dedicado ao Pai Amoroso de Jesus, preparamos um presente para todas as crian\u00e7as.<\/p>\n<p><strong>clique na imagem<\/strong> e tenha um lindo livro para colorir e aprender mais sobre as<strong>\u00a0&#8220;Virtudes de S\u00e3o Jos\u00e9&#8221;<\/strong><\/p>\n<p><strong>.<\/strong><a href=\"https:\/\/bit.ly\/2QdHzeY\"><img loading=\"lazy\" decoding=\"async\" class=\"size-full wp-image-11507 alignnone\" src=\"http:\/\/blog.cancaonova.com\/paisecatequistas\/files\/2021\/03\/Captura-de-tela-2021-03-19-100410.jpg\" alt=\"\" width=\"527\" height=\"624\" srcset=\"https:\/\/blog.cancaonova.com\/paisecatequistas\/files\/2021\/03\/Captura-de-tela-2021-03-19-100410.jpg 527w, https:\/\/blog.cancaonova.com\/paisecatequistas\/files\/2021\/03\/Captura-de-tela-2021-03-19-100410-253x300.jpg 253w\" sizes=\"(max-width: 527px) 100vw, 527px\" \/><\/a><\/p>\n<p>&nbsp;<\/p>\n<p>&nbsp;<\/p>\n","protected":false},"excerpt":{"rendered":"<p>Neste m\u00eas especial dedicado ao Pai Amoroso de Jesus, preparamos um presente para todas as crian\u00e7as. clique na imagem e tenha um lindo livro para colorir e aprender mais sobre as\u00a0&#8220;Virtudes de S\u00e3o Jos\u00e9&#8221; . &nbsp; &nbsp;<\/p>\n","protected":false},"author":4340,"featured_media":13087,"comment_status":"closed","ping_status":"closed","sticky":false,"template":"","format":"standard","meta":{"_mi_skip_tracking":false,"_monsterinsights_sitenote_active":false,"_monsterinsights_sitenote_note":"","_monsterinsights_sitenote_category":0,"footnotes":""},"categories":[16089],"tags":[5011,15521,17108,3771,96781,5831,19413,11511,6681],"_links":{"self":[{"href":"https:\/\/blog.cancaonova.com\/paisecatequistas\/wp-json\/wp\/v2\/posts\/13085"}],"collection":[{"href":"https:\/\/blog.cancaonova.com\/paisecatequistas\/wp-json\/wp\/v2\/posts"}],"about":[{"href":"https:\/\/blog.cancaonova.com\/paisecatequistas\/wp-json\/wp\/v2\/types\/post"}],"author":[{"embeddable":true,"href":"https:\/\/blog.cancaonova.com\/paisecatequistas\/wp-json\/wp\/v2\/users\/4340"}],"replies":[{"embeddable":true,"href":"https:\/\/blog.cancaonova.com\/paisecatequistas\/wp-json\/wp\/v2\/comments?post=13085"}],"version-history":[{"count":5,"href":"https:\/\/blog.cancaonova.com\/paisecatequistas\/wp-json\/wp\/v2\/posts\/13085\/revisions"}],"predecessor-version":[{"id":18647,"href":"https:\/\/blog.cancaonova.com\/paisecatequistas\/wp-json\/wp\/v2\/posts\/13085\/revisions\/18647"}],"wp:featuredmedia":[{"embeddable":true,"href":"https:\/\/blog.cancaonova.com\/paisecatequistas\/wp-json\/wp\/v2\/media\/13087"}],"wp:attachment":[{"href":"https:\/\/blog.cancaonova.com\/paisecatequistas\/wp-json\/wp\/v2\/media?parent=13085"}],"wp:term":[{"taxonomy":"category","embeddable":true,"href":"https:\/\/blog.cancaonova.com\/paisecatequistas\/wp-json\/wp\/v2\/categories?post=13085"},{"taxonomy":"post_tag","embeddable":true,"href":"https:\/\/blog.cancaonova.com\/paisecatequistas\/wp-json\/wp\/v2\/tags?post=13085"}],"curies":[{"name":"wp","href":"https:\/\/api.w.org\/{rel}","templated":true}]}}