{"id":13096,"date":"2022-03-17T00:00:19","date_gmt":"2022-03-17T02:00:19","guid":{"rendered":"http:\/\/blog.cancaonova.com\/paisecatequistas\/?p=13096"},"modified":"2022-03-16T13:57:46","modified_gmt":"2022-03-16T15:57:46","slug":"figueira-esteril-lucas-131-9","status":"publish","type":"post","link":"https:\/\/blog.cancaonova.com\/paisecatequistas\/figueira-esteril-lucas-131-9\/","title":{"rendered":"A figueira est\u00e9ril  (Lucas 13,1-9)"},"content":{"rendered":"<p>Preparamos a<strong><em> &#8220;Par\u00e1bola da Figueira Est\u00e9ril&#8221;<\/em><\/strong>\u00a0 em quadrinhos para as crian\u00e7as conhecerem a <em><strong>hist\u00f3ria e colorir.<\/strong><\/em><a href=\"http:\/\/blog.cancaonova.com\/paisecatequistas\/files\/2022\/03\/A-figueira-est\u00e9ril.jpg\"><img loading=\"lazy\" decoding=\"async\" class=\"alignright size-full wp-image-13097\" src=\"http:\/\/blog.cancaonova.com\/paisecatequistas\/files\/2022\/03\/A-figueira-est\u00e9ril.jpg\" alt=\"\" width=\"2000\" height=\"1414\" srcset=\"https:\/\/blog.cancaonova.com\/paisecatequistas\/files\/2022\/03\/A-figueira-est\u00e9ril.jpg 2000w, https:\/\/blog.cancaonova.com\/paisecatequistas\/files\/2022\/03\/A-figueira-est\u00e9ril-300x212.jpg 300w, https:\/\/blog.cancaonova.com\/paisecatequistas\/files\/2022\/03\/A-figueira-est\u00e9ril-768x543.jpg 768w\" sizes=\"(max-width: 2000px) 100vw, 2000px\" \/><\/a><\/p>\n","protected":false},"excerpt":{"rendered":"<p>Preparamos a &#8220;Par\u00e1bola da Figueira Est\u00e9ril&#8221;\u00a0 em quadrinhos para as crian\u00e7as conhecerem a hist\u00f3ria e colorir.<\/p>\n","protected":false},"author":4340,"featured_media":13099,"comment_status":"open","ping_status":"open","sticky":false,"template":"","format":"standard","meta":{"_mi_skip_tracking":false,"_monsterinsights_sitenote_active":false,"_monsterinsights_sitenote_note":"","_monsterinsights_sitenote_category":0,"footnotes":""},"categories":[16089,15521],"tags":[16672,18310,15521,15161,201115],"_links":{"self":[{"href":"https:\/\/blog.cancaonova.com\/paisecatequistas\/wp-json\/wp\/v2\/posts\/13096"}],"collection":[{"href":"https:\/\/blog.cancaonova.com\/paisecatequistas\/wp-json\/wp\/v2\/posts"}],"about":[{"href":"https:\/\/blog.cancaonova.com\/paisecatequistas\/wp-json\/wp\/v2\/types\/post"}],"author":[{"embeddable":true,"href":"https:\/\/blog.cancaonova.com\/paisecatequistas\/wp-json\/wp\/v2\/users\/4340"}],"replies":[{"embeddable":true,"href":"https:\/\/blog.cancaonova.com\/paisecatequistas\/wp-json\/wp\/v2\/comments?post=13096"}],"version-history":[{"count":1,"href":"https:\/\/blog.cancaonova.com\/paisecatequistas\/wp-json\/wp\/v2\/posts\/13096\/revisions"}],"predecessor-version":[{"id":13098,"href":"https:\/\/blog.cancaonova.com\/paisecatequistas\/wp-json\/wp\/v2\/posts\/13096\/revisions\/13098"}],"wp:featuredmedia":[{"embeddable":true,"href":"https:\/\/blog.cancaonova.com\/paisecatequistas\/wp-json\/wp\/v2\/media\/13099"}],"wp:attachment":[{"href":"https:\/\/blog.cancaonova.com\/paisecatequistas\/wp-json\/wp\/v2\/media?parent=13096"}],"wp:term":[{"taxonomy":"category","embeddable":true,"href":"https:\/\/blog.cancaonova.com\/paisecatequistas\/wp-json\/wp\/v2\/categories?post=13096"},{"taxonomy":"post_tag","embeddable":true,"href":"https:\/\/blog.cancaonova.com\/paisecatequistas\/wp-json\/wp\/v2\/tags?post=13096"}],"curies":[{"name":"wp","href":"https:\/\/api.w.org\/{rel}","templated":true}]}}