{"id":1310,"date":"2010-03-08T15:46:38","date_gmt":"2010-03-08T17:46:38","guid":{"rendered":"http:\/\/blog.cancaonova.com\/paisecatequistas\/?p=1310"},"modified":"2012-01-05T11:34:28","modified_gmt":"2012-01-05T13:34:28","slug":"dia-internacional-da-mulher","status":"publish","type":"post","link":"https:\/\/blog.cancaonova.com\/paisecatequistas\/dia-internacional-da-mulher\/","title":{"rendered":"Dia Internacional da Mulher..."},"content":{"rendered":"<p style=\"text-align: center\">Ol\u00e1 pais e catequistas.<br \/>\nHoje \u00e9 um dia muito especial, pois \u00e9 o Dia Internacional da Mulher.<br \/>\nParab\u00e9ns a todas as mulheres !<\/p>\n<p style=\"text-align: center\">\n<p style=\"text-align: center\"><a href=\"http:\/\/blog.cancaonova.com\/paisecatequistas\/files\/2010\/03\/noeli.jpg\"><img loading=\"lazy\" decoding=\"async\" class=\"alignnone size-full wp-image-1311\" src=\"http:\/\/blog.cancaonova.com\/paisecatequistas\/files\/2010\/03\/noeli.jpg\" alt=\"\" width=\"400\" height=\"374\" \/><\/a><\/p>\n<h1 style=\"text-align: center\">Feliz Dia das Mulheres!!!<\/h1>\n<p style=\"text-align: center\">\n","protected":false},"excerpt":{"rendered":"<p>Ol\u00e1 pais e catequistas. Hoje \u00e9 um dia muito especial, pois \u00e9 o Dia Internacional da Mulher. Parab\u00e9ns a todas as mulheres ! Feliz Dia das Mulheres!!!<\/p>\n","protected":false},"author":4340,"featured_media":0,"comment_status":"open","ping_status":"open","sticky":false,"template":"","format":"standard","meta":{"_mi_skip_tracking":false,"_monsterinsights_sitenote_active":false,"_monsterinsights_sitenote_note":"","_monsterinsights_sitenote_category":0,"footnotes":""},"categories":[23],"tags":[13091,17058,17370,15716,16503],"_links":{"self":[{"href":"https:\/\/blog.cancaonova.com\/paisecatequistas\/wp-json\/wp\/v2\/posts\/1310"}],"collection":[{"href":"https:\/\/blog.cancaonova.com\/paisecatequistas\/wp-json\/wp\/v2\/posts"}],"about":[{"href":"https:\/\/blog.cancaonova.com\/paisecatequistas\/wp-json\/wp\/v2\/types\/post"}],"author":[{"embeddable":true,"href":"https:\/\/blog.cancaonova.com\/paisecatequistas\/wp-json\/wp\/v2\/users\/4340"}],"replies":[{"embeddable":true,"href":"https:\/\/blog.cancaonova.com\/paisecatequistas\/wp-json\/wp\/v2\/comments?post=1310"}],"version-history":[{"count":4,"href":"https:\/\/blog.cancaonova.com\/paisecatequistas\/wp-json\/wp\/v2\/posts\/1310\/revisions"}],"predecessor-version":[{"id":3629,"href":"https:\/\/blog.cancaonova.com\/paisecatequistas\/wp-json\/wp\/v2\/posts\/1310\/revisions\/3629"}],"wp:attachment":[{"href":"https:\/\/blog.cancaonova.com\/paisecatequistas\/wp-json\/wp\/v2\/media?parent=1310"}],"wp:term":[{"taxonomy":"category","embeddable":true,"href":"https:\/\/blog.cancaonova.com\/paisecatequistas\/wp-json\/wp\/v2\/categories?post=1310"},{"taxonomy":"post_tag","embeddable":true,"href":"https:\/\/blog.cancaonova.com\/paisecatequistas\/wp-json\/wp\/v2\/tags?post=1310"}],"curies":[{"name":"wp","href":"https:\/\/api.w.org\/{rel}","templated":true}]}}