{"id":13202,"date":"2024-08-15T00:00:18","date_gmt":"2024-08-15T02:00:18","guid":{"rendered":"http:\/\/blog.cancaonova.com\/paisecatequistas\/?p=13202"},"modified":"2024-08-14T17:00:18","modified_gmt":"2024-08-14T19:00:18","slug":"calendario-da-quaresma-de-sao-miguel-arcanjo-para-imprimir","status":"publish","type":"post","link":"https:\/\/blog.cancaonova.com\/paisecatequistas\/calendario-da-quaresma-de-sao-miguel-arcanjo-para-imprimir\/","title":{"rendered":"Rezando em fam\u00edlia"},"content":{"rendered":"<p>Chamamos de &#8220;Quaresma de S\u00e3o Miguel&#8221; os 40 dias de ora\u00e7\u00f5es que antecedem o dia 29 de setembro, data em que dedicamos a S\u00e3o Miguel Arcanjo. Este tempo especial de ora\u00e7\u00e3o tem seu in\u00edcio no dia 15\/08 e vai at\u00e9 29\/09. Nesses 40 dias, n\u00e3o contamos os domingos.<\/p>\n<p>Voc\u00ea pode imprimir e rezar em fam\u00edlia.<\/p>\n<p>S\u00e3o Miguel Arcanjo, rogai por n\u00f3s.<\/p>\n<h3><span style=\"color: #000000\">Clique na imagem para imprimir o calend\u00e1rio<\/span><\/h3>\n<p><a href=\"https:\/\/kids.cancaonova.com\/sem-categoria\/quaresma-sao-miguel-2024\/\"><img loading=\"lazy\" decoding=\"async\" class=\"size-full wp-image-17748 alignnone\" src=\"http:\/\/blog.cancaonova.com\/paisecatequistas\/files\/2023\/08\/EMKT-QUARESMA-DE-SAO-MIGUEL.jpg\" alt=\"\" width=\"600\" height=\"1000\" srcset=\"https:\/\/blog.cancaonova.com\/paisecatequistas\/files\/2023\/08\/EMKT-QUARESMA-DE-SAO-MIGUEL.jpg 600w, https:\/\/blog.cancaonova.com\/paisecatequistas\/files\/2023\/08\/EMKT-QUARESMA-DE-SAO-MIGUEL-180x300.jpg 180w\" sizes=\"(max-width: 600px) 100vw, 600px\" \/><\/a><\/p>\n<p><strong><a href=\"https:\/\/img.cancaonova.com\/cnimages\/especiais\/uploads\/sites\/10\/2021\/08\/Quaresma-de-Sao-Miguel-4.pdf\"><span style=\"color: #ff0000\">Clique aqui\u00a0 &#8211;\u00a0<span style=\"color: #3366ff\">\u00a0Ora\u00e7\u00f5es da Quaresma de S\u00e3o Miguel Arcanjo<\/span><\/span><\/a><\/strong><\/p>\n<p>&nbsp;<\/p>\n<p>&nbsp;<\/p>\n<p>&nbsp;<\/p>\n<p>&nbsp;<\/p>\n<p>&nbsp;<\/p>\n<p>&nbsp;<\/p>\n<p>&nbsp;<\/p>\n","protected":false},"excerpt":{"rendered":"<p>Chamamos de &#8220;Quaresma de S\u00e3o Miguel&#8221; os 40 dias de ora\u00e7\u00f5es que antecedem o dia 29 de setembro, data em que dedicamos a S\u00e3o Miguel Arcanjo. Este tempo especial de ora\u00e7\u00e3o tem seu in\u00edcio no dia 15\/08 e vai at\u00e9&#8230;<\/p>\n","protected":false},"author":4340,"featured_media":17747,"comment_status":"open","ping_status":"open","sticky":false,"template":"","format":"standard","meta":{"_mi_skip_tracking":false,"_monsterinsights_sitenote_active":false,"_monsterinsights_sitenote_note":"","_monsterinsights_sitenote_category":0,"footnotes":""},"categories":[289677,1],"tags":[621,72941,21834],"_links":{"self":[{"href":"https:\/\/blog.cancaonova.com\/paisecatequistas\/wp-json\/wp\/v2\/posts\/13202"}],"collection":[{"href":"https:\/\/blog.cancaonova.com\/paisecatequistas\/wp-json\/wp\/v2\/posts"}],"about":[{"href":"https:\/\/blog.cancaonova.com\/paisecatequistas\/wp-json\/wp\/v2\/types\/post"}],"author":[{"embeddable":true,"href":"https:\/\/blog.cancaonova.com\/paisecatequistas\/wp-json\/wp\/v2\/users\/4340"}],"replies":[{"embeddable":true,"href":"https:\/\/blog.cancaonova.com\/paisecatequistas\/wp-json\/wp\/v2\/comments?post=13202"}],"version-history":[{"count":26,"href":"https:\/\/blog.cancaonova.com\/paisecatequistas\/wp-json\/wp\/v2\/posts\/13202\/revisions"}],"predecessor-version":[{"id":17754,"href":"https:\/\/blog.cancaonova.com\/paisecatequistas\/wp-json\/wp\/v2\/posts\/13202\/revisions\/17754"}],"wp:featuredmedia":[{"embeddable":true,"href":"https:\/\/blog.cancaonova.com\/paisecatequistas\/wp-json\/wp\/v2\/media\/17747"}],"wp:attachment":[{"href":"https:\/\/blog.cancaonova.com\/paisecatequistas\/wp-json\/wp\/v2\/media?parent=13202"}],"wp:term":[{"taxonomy":"category","embeddable":true,"href":"https:\/\/blog.cancaonova.com\/paisecatequistas\/wp-json\/wp\/v2\/categories?post=13202"},{"taxonomy":"post_tag","embeddable":true,"href":"https:\/\/blog.cancaonova.com\/paisecatequistas\/wp-json\/wp\/v2\/tags?post=13202"}],"curies":[{"name":"wp","href":"https:\/\/api.w.org\/{rel}","templated":true}]}}