{"id":1331,"date":"2010-03-17T16:45:44","date_gmt":"2010-03-17T18:45:44","guid":{"rendered":"http:\/\/blog.cancaonova.com\/paisecatequistas\/?p=1331"},"modified":"2012-01-05T11:27:04","modified_gmt":"2012-01-05T13:27:04","slug":"retiro-para-1%c2%ba-comunhao","status":"publish","type":"post","link":"https:\/\/blog.cancaonova.com\/paisecatequistas\/retiro-para-1%c2%ba-comunhao\/","title":{"rendered":"Retiro para 1\u00ba Comunh\u00e3o"},"content":{"rendered":"<p>Ol\u00e1 Gente!<\/p>\n<p style=\"text-align: center\">A Paz de Jesus em cada cora\u00e7\u00e3o.<\/p>\n<p style=\"text-align: center\">Estamos na Quaresma, tempo precioso na Igreja, pois nos leva a fazermos uma revis\u00e3o de Vida e em Jesus experimentarmos a Miseric\u00f3rdia.<\/p>\n<p style=\"text-align: center\">Estamos postando um Roteiro de Retiro para Crian\u00e7as que est\u00e3o se preparando para receber Jesus na Eucaristia. S\u00e3o sugest\u00f5es, que voc\u00ea pode adaptar a sua realidade Paroquial.<\/p>\n<p>Deus aben\u00e7oe<\/p>\n<p>Tininha<\/p>\n<p style=\"text-align: center\"><a href=\"http:\/\/blog.cancaonova.com\/paisecatequistas\/files\/2010\/03\/rezandocapela.jpg\"><img loading=\"lazy\" decoding=\"async\" class=\"alignnone size-full wp-image-1333\" src=\"http:\/\/blog.cancaonova.com\/paisecatequistas\/files\/2010\/03\/rezandocapela.jpg\" alt=\"\" width=\"400\" height=\"300\" \/><\/a><\/p>\n<h1 style=\"text-align: center\"><a title=\"Retiro\" href=\"http:\/\/blog.cancaonova.com\/paisecatequistas\/files\/2010\/03\/retiro-para-1c2ba-eucaristia.doc\" target=\"_blank\">CLIQUE AQUI!<\/a><\/h1>\n","protected":false},"excerpt":{"rendered":"<p>Ol\u00e1 Gente! A Paz de Jesus em cada cora\u00e7\u00e3o. Estamos na Quaresma, tempo precioso na Igreja, pois nos leva a fazermos uma revis\u00e3o de Vida e em Jesus experimentarmos a Miseric\u00f3rdia. Estamos postando um Roteiro de Retiro para Crian\u00e7as que&#8230;<\/p>\n","protected":false},"author":4340,"featured_media":0,"comment_status":"open","ping_status":"open","sticky":false,"template":"","format":"standard","meta":{"_mi_skip_tracking":false,"_monsterinsights_sitenote_active":false,"_monsterinsights_sitenote_note":"","_monsterinsights_sitenote_category":0,"footnotes":""},"categories":[40154],"tags":[32,221,15899,102609,5271,39],"_links":{"self":[{"href":"https:\/\/blog.cancaonova.com\/paisecatequistas\/wp-json\/wp\/v2\/posts\/1331"}],"collection":[{"href":"https:\/\/blog.cancaonova.com\/paisecatequistas\/wp-json\/wp\/v2\/posts"}],"about":[{"href":"https:\/\/blog.cancaonova.com\/paisecatequistas\/wp-json\/wp\/v2\/types\/post"}],"author":[{"embeddable":true,"href":"https:\/\/blog.cancaonova.com\/paisecatequistas\/wp-json\/wp\/v2\/users\/4340"}],"replies":[{"embeddable":true,"href":"https:\/\/blog.cancaonova.com\/paisecatequistas\/wp-json\/wp\/v2\/comments?post=1331"}],"version-history":[{"count":6,"href":"https:\/\/blog.cancaonova.com\/paisecatequistas\/wp-json\/wp\/v2\/posts\/1331\/revisions"}],"predecessor-version":[{"id":1707,"href":"https:\/\/blog.cancaonova.com\/paisecatequistas\/wp-json\/wp\/v2\/posts\/1331\/revisions\/1707"}],"wp:attachment":[{"href":"https:\/\/blog.cancaonova.com\/paisecatequistas\/wp-json\/wp\/v2\/media?parent=1331"}],"wp:term":[{"taxonomy":"category","embeddable":true,"href":"https:\/\/blog.cancaonova.com\/paisecatequistas\/wp-json\/wp\/v2\/categories?post=1331"},{"taxonomy":"post_tag","embeddable":true,"href":"https:\/\/blog.cancaonova.com\/paisecatequistas\/wp-json\/wp\/v2\/tags?post=1331"}],"curies":[{"name":"wp","href":"https:\/\/api.w.org\/{rel}","templated":true}]}}